{"id":34050,"date":"2020-06-20T07:03:01","date_gmt":"2020-06-20T07:03:01","guid":{"rendered":"https:\/\/milano.fanpage.it\/?p=635225"},"modified":"2020-06-20T07:03:01","modified_gmt":"2020-06-20T07:03:01","slug":"marika-pagani-24-anni-muore-precipitando-da-un-sentiero-di-montagna-in-provincia-di-sondrio","status":"publish","type":"post","link":"https:\/\/nugnes.com\/?p=34050","title":{"rendered":"Marika Pagani, 24 anni, muore precipitando da un sentiero di montagna in provincia di Sondrio"},"content":{"rendered":"<img src=\"https:\/\/static.fanpage.it\/wp-content\/uploads\/sites\/3\/2020\/06\/10447628_1485614365035776_4912631315884920295_n-1592635557275-300x225.jpg\" \/><br \/>La 24enne, residente a Oga di Valdisotto, era diplomata all'istituto alberghiero e lavorava come commessa in un centro commerciale di Bormio. Era una amante della montagna e spesso percorreva sentieri in alta quota. Marika \u00e8 uscita di casa gioved\u00ec mattina, ma non \u00e8 mai tornata. In tarda serata gli uomini del Soccorso alpino, nucleo Sagf della Guardia di finanza, hanno ritrovato la salma dopo aver perlustrato a lungo la zona.<br \/><a href=\"https:\/\/milano.fanpage.it\/marika-pagani-24-anni-muore-precipitando-da-un-sentiero-di-montagna-in-provincia-di-sondrio\/\">Continua a leggere<\/a>","protected":false},"excerpt":{"rendered":"<p>La 24enne, residente a Oga di Valdisotto, era diplomata all&#8217;istituto alberghiero e lavorava come commessa in un centro commerciale di Bormio. Era una amante della montagna e spesso percorreva sentieri in alta quota. Marika \u00e8 uscita di casa gioved\u00ec matt&#8230;<\/p>\n","protected":false},"author":85,"featured_media":0,"comment_status":"closed","ping_status":"closed","sticky":false,"template":"","format":"standard","meta":{"om_disable_all_campaigns":false,"_monsterinsights_skip_tracking":false,"_monsterinsights_sitenote_active":false,"_monsterinsights_sitenote_note":"","_monsterinsights_sitenote_category":0,"footnotes":""},"categories":[747,933],"tags":[],"class_list":["post-34050","post","type-post","status-publish","format-standard","hentry","category-cronaca-lombardia","category-sondrio"],"aioseo_notices":[],"_links":{"self":[{"href":"https:\/\/nugnes.com\/index.php?rest_route=\/wp\/v2\/posts\/34050","targetHints":{"allow":["GET"]}}],"collection":[{"href":"https:\/\/nugnes.com\/index.php?rest_route=\/wp\/v2\/posts"}],"about":[{"href":"https:\/\/nugnes.com\/index.php?rest_route=\/wp\/v2\/types\/post"}],"author":[{"embeddable":true,"href":"https:\/\/nugnes.com\/index.php?rest_route=\/wp\/v2\/users\/85"}],"replies":[{"embeddable":true,"href":"https:\/\/nugnes.com\/index.php?rest_route=%2Fwp%2Fv2%2Fcomments&post=34050"}],"version-history":[{"count":1,"href":"https:\/\/nugnes.com\/index.php?rest_route=\/wp\/v2\/posts\/34050\/revisions"}],"predecessor-version":[{"id":34051,"href":"https:\/\/nugnes.com\/index.php?rest_route=\/wp\/v2\/posts\/34050\/revisions\/34051"}],"wp:attachment":[{"href":"https:\/\/nugnes.com\/index.php?rest_route=%2Fwp%2Fv2%2Fmedia&parent=34050"}],"wp:term":[{"taxonomy":"category","embeddable":true,"href":"https:\/\/nugnes.com\/index.php?rest_route=%2Fwp%2Fv2%2Fcategories&post=34050"},{"taxonomy":"post_tag","embeddable":true,"href":"https:\/\/nugnes.com\/index.php?rest_route=%2Fwp%2Fv2%2Ftags&post=34050"}],"curies":[{"name":"wp","href":"https:\/\/api.w.org\/{rel}","templated":true}]}}