{"id":341628,"date":"2022-07-22T12:32:13","date_gmt":"2022-07-22T12:32:13","guid":{"rendered":"https:\/\/www.fanpage.it\/?p=1690283"},"modified":"2022-07-22T12:32:13","modified_gmt":"2022-07-22T12:32:13","slug":"delmastro-fdi-a-fanpage-noi-dalla-parte-dellucraina-putin-festeggia-quando-il-popolo-non-vota","status":"publish","type":"post","link":"https:\/\/nugnes.com\/?p=341628","title":{"rendered":"Delmastro (Fdi) a Fanpage: &#8220;Noi dalla parte dell&#8217;Ucraina, Putin festeggia quando il popolo non vota&#8221;"},"content":{"rendered":"<img src=\"https:\/\/static.fanpage.it\/wp-content\/uploads\/2022\/07\/13918269_medium-300x225.jpg\" \/><br \/>L'onorevole Delmastro di Fratelli d'Italia, in un'intervista a Fanpage.it, ribadisce la collocazione euroatlantica del partito di Giorgia Meloni: \"Putin \u00e8 felice per la fragilit\u00e0 del sistema politico italiano. La nostra fragilit\u00e0 nasce dal 2011 in avanti, cio\u00e8 da quando non c'\u00e8 pi\u00f9 un solo governo che sia espressione della volont\u00e0 popolare\".<br \/><a href=\"https:\/\/www.fanpage.it\/politica\/delmastro-fdi-a-fanpage-noi-dalla-parte-dellucraina-putin-festeggia-quando-il-popolo-non-vota\/\">Continua a leggere<\/a>","protected":false},"excerpt":{"rendered":"<p>L&#8217;onorevole Delmastro di Fratelli d&#8217;Italia, in un&#8217;intervista a Fanpage.it, ribadisce la collocazione euroatlantica del partito di Giorgia Meloni: &#8220;Putin \u00e8 felice per la fragilit\u00e0 del sistema politico italiano. La nostra fragilit\u00e0 nasce dal 2011 in avan&#8230;<\/p>\n","protected":false},"author":83,"featured_media":0,"comment_status":"closed","ping_status":"closed","sticky":false,"template":"","format":"standard","meta":{"om_disable_all_campaigns":false,"_monsterinsights_skip_tracking":false,"_monsterinsights_sitenote_active":false,"_monsterinsights_sitenote_note":"","_monsterinsights_sitenote_category":0,"footnotes":""},"categories":[748],"tags":[],"class_list":["post-341628","post","type-post","status-publish","format-standard","hentry","category-politica-italiana"],"aioseo_notices":[],"_links":{"self":[{"href":"https:\/\/nugnes.com\/index.php?rest_route=\/wp\/v2\/posts\/341628","targetHints":{"allow":["GET"]}}],"collection":[{"href":"https:\/\/nugnes.com\/index.php?rest_route=\/wp\/v2\/posts"}],"about":[{"href":"https:\/\/nugnes.com\/index.php?rest_route=\/wp\/v2\/types\/post"}],"author":[{"embeddable":true,"href":"https:\/\/nugnes.com\/index.php?rest_route=\/wp\/v2\/users\/83"}],"replies":[{"embeddable":true,"href":"https:\/\/nugnes.com\/index.php?rest_route=%2Fwp%2Fv2%2Fcomments&post=341628"}],"version-history":[{"count":1,"href":"https:\/\/nugnes.com\/index.php?rest_route=\/wp\/v2\/posts\/341628\/revisions"}],"predecessor-version":[{"id":341629,"href":"https:\/\/nugnes.com\/index.php?rest_route=\/wp\/v2\/posts\/341628\/revisions\/341629"}],"wp:attachment":[{"href":"https:\/\/nugnes.com\/index.php?rest_route=%2Fwp%2Fv2%2Fmedia&parent=341628"}],"wp:term":[{"taxonomy":"category","embeddable":true,"href":"https:\/\/nugnes.com\/index.php?rest_route=%2Fwp%2Fv2%2Fcategories&post=341628"},{"taxonomy":"post_tag","embeddable":true,"href":"https:\/\/nugnes.com\/index.php?rest_route=%2Fwp%2Fv2%2Ftags&post=341628"}],"curies":[{"name":"wp","href":"https:\/\/api.w.org\/{rel}","templated":true}]}}