{"id":343230,"date":"2022-07-26T13:33:49","date_gmt":"2022-07-26T13:33:49","guid":{"rendered":"https:\/\/www.fanpage.it\/?p=1692325"},"modified":"2022-07-26T13:33:49","modified_gmt":"2022-07-26T13:33:49","slug":"alle-elezioni-politiche-del-2022-sara-sfida-a-due-tra-pd-e-fratelli-ditalia-dice-enrico-letta","status":"publish","type":"post","link":"https:\/\/nugnes.com\/?p=343230","title":{"rendered":"Alle elezioni politiche del 2022 sar\u00e0 sfida a due tra Pd e Fratelli d&#8217;Italia, dice Enrico Letta"},"content":{"rendered":"<img src=\"https:\/\/static.fanpage.it\/wp-content\/uploads\/2022\/07\/enrico-letta-300x225.jpg\" \/><br \/>Per il leader dem, intervenuto davanti alla direzione nazionale, alle prossime elezioni del 25 settembre sar\u00e0 una sfida a due: \"La scelta \u00e8 fra noi e Meloni - ha detto - Non c'\u00e8 pareggio, o vince l'Europa comunitaria o quella dei nazionalismi\".<br \/><a href=\"https:\/\/www.fanpage.it\/politica\/alle-elezioni-politiche-del-2022-sara-sfida-a-due-tra-pd-e-fratelli-ditalia-dice-enrico-letta\/\">Continua a leggere<\/a>","protected":false},"excerpt":{"rendered":"<p>Per il leader dem, intervenuto davanti alla direzione nazionale, alle prossime elezioni del 25 settembre sar\u00e0 una sfida a due: &#8220;La scelta \u00e8 fra noi e Meloni &#8211; ha detto &#8211; Non c&#8217;\u00e8 pareggio, o vince l&#8217;Europa comunitaria o quella dei nazionalismi&#8221;.Continua&#8230;<\/p>\n","protected":false},"author":187,"featured_media":0,"comment_status":"closed","ping_status":"closed","sticky":false,"template":"","format":"standard","meta":{"om_disable_all_campaigns":false,"_monsterinsights_skip_tracking":false,"_monsterinsights_sitenote_active":false,"_monsterinsights_sitenote_note":"","_monsterinsights_sitenote_category":0,"footnotes":""},"categories":[748],"tags":[],"class_list":["post-343230","post","type-post","status-publish","format-standard","hentry","category-politica-italiana"],"aioseo_notices":[],"_links":{"self":[{"href":"https:\/\/nugnes.com\/index.php?rest_route=\/wp\/v2\/posts\/343230","targetHints":{"allow":["GET"]}}],"collection":[{"href":"https:\/\/nugnes.com\/index.php?rest_route=\/wp\/v2\/posts"}],"about":[{"href":"https:\/\/nugnes.com\/index.php?rest_route=\/wp\/v2\/types\/post"}],"author":[{"embeddable":true,"href":"https:\/\/nugnes.com\/index.php?rest_route=\/wp\/v2\/users\/187"}],"replies":[{"embeddable":true,"href":"https:\/\/nugnes.com\/index.php?rest_route=%2Fwp%2Fv2%2Fcomments&post=343230"}],"version-history":[{"count":1,"href":"https:\/\/nugnes.com\/index.php?rest_route=\/wp\/v2\/posts\/343230\/revisions"}],"predecessor-version":[{"id":343231,"href":"https:\/\/nugnes.com\/index.php?rest_route=\/wp\/v2\/posts\/343230\/revisions\/343231"}],"wp:attachment":[{"href":"https:\/\/nugnes.com\/index.php?rest_route=%2Fwp%2Fv2%2Fmedia&parent=343230"}],"wp:term":[{"taxonomy":"category","embeddable":true,"href":"https:\/\/nugnes.com\/index.php?rest_route=%2Fwp%2Fv2%2Fcategories&post=343230"},{"taxonomy":"post_tag","embeddable":true,"href":"https:\/\/nugnes.com\/index.php?rest_route=%2Fwp%2Fv2%2Ftags&post=343230"}],"curies":[{"name":"wp","href":"https:\/\/api.w.org\/{rel}","templated":true}]}}