{"id":344410,"date":"2022-07-29T11:38:26","date_gmt":"2022-07-29T11:38:26","guid":{"rendered":"https:\/\/www.fanpage.it\/roma\/?p=618500"},"modified":"2022-07-29T11:38:26","modified_gmt":"2022-07-29T11:38:26","slug":"alla-torre-della-legalita-finalmente-sono-state-assegnati-le-case-che-erano-occupate-dal-clan-moccia","status":"publish","type":"post","link":"https:\/\/nugnes.com\/?p=344410","title":{"rendered":"Alla Torre della Legalit\u00e0 finalmente sono state assegnati le case che erano occupate dal clan Moccia"},"content":{"rendered":"<img src=\"https:\/\/static.fanpage.it\/wp-content\/uploads\/sites\/28\/2022\/02\/tor-piu\u0300-bella-torre-legalita\u0300-300x225.jpeg\" \/><br \/>Nonna Roma, Torpi\u00f9bella e Libera hanno chiesto pi\u00f9 volte al Campidoglio di accelerare le pratiche per l'assegnazione delle abitazioni della Torre della Legalit\u00e0 e finalmente, hanno annunciato le associazioni, adesso quegli appartamenti sono abitati da alcune famiglie.<br \/><a href=\"https:\/\/www.fanpage.it\/roma\/finalmente-assegnati-gli-ex-appartamenti-occupati-dal-clan-moccia-nella-torre-della-legalita\/\">Continua a leggere<\/a>","protected":false},"excerpt":{"rendered":"<p>Nonna Roma, Torpi\u00f9bella e Libera hanno chiesto pi\u00f9 volte al Campidoglio di accelerare le pratiche per l&#8217;assegnazione delle abitazioni della Torre della Legalit\u00e0 e finalmente, hanno annunciato le associazioni, adesso quegli appartamenti sono abitati da &#8230;<\/p>\n","protected":false},"author":85,"featured_media":0,"comment_status":"closed","ping_status":"closed","sticky":false,"template":"","format":"standard","meta":{"om_disable_all_campaigns":false,"_monsterinsights_skip_tracking":false,"_monsterinsights_sitenote_active":false,"_monsterinsights_sitenote_note":"","_monsterinsights_sitenote_category":0,"footnotes":""},"categories":[745],"tags":[],"class_list":["post-344410","post","type-post","status-publish","format-standard","hentry","category-attualita"],"aioseo_notices":[],"_links":{"self":[{"href":"https:\/\/nugnes.com\/index.php?rest_route=\/wp\/v2\/posts\/344410","targetHints":{"allow":["GET"]}}],"collection":[{"href":"https:\/\/nugnes.com\/index.php?rest_route=\/wp\/v2\/posts"}],"about":[{"href":"https:\/\/nugnes.com\/index.php?rest_route=\/wp\/v2\/types\/post"}],"author":[{"embeddable":true,"href":"https:\/\/nugnes.com\/index.php?rest_route=\/wp\/v2\/users\/85"}],"replies":[{"embeddable":true,"href":"https:\/\/nugnes.com\/index.php?rest_route=%2Fwp%2Fv2%2Fcomments&post=344410"}],"version-history":[{"count":2,"href":"https:\/\/nugnes.com\/index.php?rest_route=\/wp\/v2\/posts\/344410\/revisions"}],"predecessor-version":[{"id":344470,"href":"https:\/\/nugnes.com\/index.php?rest_route=\/wp\/v2\/posts\/344410\/revisions\/344470"}],"wp:attachment":[{"href":"https:\/\/nugnes.com\/index.php?rest_route=%2Fwp%2Fv2%2Fmedia&parent=344410"}],"wp:term":[{"taxonomy":"category","embeddable":true,"href":"https:\/\/nugnes.com\/index.php?rest_route=%2Fwp%2Fv2%2Fcategories&post=344410"},{"taxonomy":"post_tag","embeddable":true,"href":"https:\/\/nugnes.com\/index.php?rest_route=%2Fwp%2Fv2%2Ftags&post=344410"}],"curies":[{"name":"wp","href":"https:\/\/api.w.org\/{rel}","templated":true}]}}