{"id":368454,"date":"2022-09-29T14:58:18","date_gmt":"2022-09-29T14:58:18","guid":{"rendered":"https:\/\/www.fanpage.it\/milano\/?p=167201"},"modified":"2022-09-29T14:58:18","modified_gmt":"2022-09-29T14:58:18","slug":"allerta-meteo-gialla-a-milano-giovedi-29-e-venerdi-30-settembre-temporali-in-arrivo","status":"publish","type":"post","link":"https:\/\/nugnes.com\/?p=368454","title":{"rendered":"Allerta meteo gialla a Milano gioved\u00ec 29 e venerd\u00ec 30 settembre: temporali in arrivo"},"content":{"rendered":"<img src=\"https:\/\/static.fanpage.it\/wp-content\/uploads\/sites\/3\/2019\/12\/ALLERTA-METEO-3-ARTICOLO-638x425.jpg\" \/><br \/>Dal tardo pomeriggio di oggi gioved\u00ec 29 settembre e per tutta la giornata di domani \u00e8 prevista un'allerta gialla sulla citt\u00e0 di Milano e in gran parte della Lombardia. Saranno possibili temporali con intensit\u00e0 fino a moderata.<br \/><a href=\"https:\/\/www.fanpage.it\/milano\/allerta-meteo-gialla-a-milano-giovedi-29-e-venerdi-30-settembre-temporali-in-arrivo\/\">Continua a leggere<\/a>","protected":false},"excerpt":{"rendered":"<p>Dal tardo pomeriggio di oggi gioved\u00ec 29 settembre e per tutta la giornata di domani \u00e8 prevista un&#8217;allerta gialla sulla citt\u00e0 di Milano e in gran parte della Lombardia. Saranno possibili temporali con intensit\u00e0 fino a moderata.Continua a leggere<\/p>\n","protected":false},"author":424,"featured_media":0,"comment_status":"closed","ping_status":"closed","sticky":false,"template":"","format":"standard","meta":{"om_disable_all_campaigns":false,"_monsterinsights_skip_tracking":false,"_monsterinsights_sitenote_active":false,"_monsterinsights_sitenote_note":"","_monsterinsights_sitenote_category":0,"footnotes":""},"categories":[745,236,1380],"tags":[],"class_list":["post-368454","post","type-post","status-publish","format-standard","hentry","category-attualita","category-lombardia","category-previsioni-meteo-milano-oggi-domani-e-nei-weekend"],"aioseo_notices":[],"_links":{"self":[{"href":"https:\/\/nugnes.com\/index.php?rest_route=\/wp\/v2\/posts\/368454","targetHints":{"allow":["GET"]}}],"collection":[{"href":"https:\/\/nugnes.com\/index.php?rest_route=\/wp\/v2\/posts"}],"about":[{"href":"https:\/\/nugnes.com\/index.php?rest_route=\/wp\/v2\/types\/post"}],"author":[{"embeddable":true,"href":"https:\/\/nugnes.com\/index.php?rest_route=\/wp\/v2\/users\/424"}],"replies":[{"embeddable":true,"href":"https:\/\/nugnes.com\/index.php?rest_route=%2Fwp%2Fv2%2Fcomments&post=368454"}],"version-history":[{"count":1,"href":"https:\/\/nugnes.com\/index.php?rest_route=\/wp\/v2\/posts\/368454\/revisions"}],"predecessor-version":[{"id":368455,"href":"https:\/\/nugnes.com\/index.php?rest_route=\/wp\/v2\/posts\/368454\/revisions\/368455"}],"wp:attachment":[{"href":"https:\/\/nugnes.com\/index.php?rest_route=%2Fwp%2Fv2%2Fmedia&parent=368454"}],"wp:term":[{"taxonomy":"category","embeddable":true,"href":"https:\/\/nugnes.com\/index.php?rest_route=%2Fwp%2Fv2%2Fcategories&post=368454"},{"taxonomy":"post_tag","embeddable":true,"href":"https:\/\/nugnes.com\/index.php?rest_route=%2Fwp%2Fv2%2Ftags&post=368454"}],"curies":[{"name":"wp","href":"https:\/\/api.w.org\/{rel}","templated":true}]}}