{"id":372360,"date":"2022-10-08T07:24:33","date_gmt":"2022-10-08T07:24:33","guid":{"rendered":"https:\/\/www.fanpage.it\/spettacolo\/?p=85964"},"modified":"2022-10-08T07:24:33","modified_gmt":"2022-10-08T07:24:33","slug":"fabio-fazio-festeggia-20-anni-di-ctcf-tra-tutte-lintervista-al-papa-mi-ha-cambiato-la-vita","status":"publish","type":"post","link":"https:\/\/nugnes.com\/?p=372360","title":{"rendered":"Fabio Fazio festeggia 20 anni di CTCF: &#8220;Tra tutte, l&#8217;intervista al Papa mi ha cambiato la vita&#8221;"},"content":{"rendered":"<img src=\"https:\/\/static.fanpage.it\/wp-content\/uploads\/sites\/25\/2022\/10\/ipiccy_image-2022-10-08T091822.426-300x225.jpg\" \/><br \/>Fabio Fazio torna domani, domenica 9 ottobre, con una nuova stagione di Che tempo che fa e festeggia 20 anni di show: \"Una grande avventura, arrivare a 20 anni nella tv di oggi \u00e8 molto raro e difficile, \u00e8 stato prima il programma della mia maturit\u00e0, ora della mia vecchiaia\".<br \/><a href=\"https:\/\/www.fanpage.it\/spettacolo\/programmi-tv\/fabio-fazio-festeggia-20-anni-di-ctcf-tra-tutte-lintervista-al-papa-mi-ha-cambiato-la-vita\/\">Continua a leggere<\/a>","protected":false},"excerpt":{"rendered":"<p>Fabio Fazio torna domani, domenica 9 ottobre, con una nuova stagione di Che tempo che fa e festeggia 20 anni di show: &#8220;Una grande avventura, arrivare a 20 anni nella tv di oggi \u00e8 molto raro e difficile, \u00e8 stato prima il programma della mia maturit\u00e0, or&#8230;<\/p>\n","protected":false},"author":283,"featured_media":0,"comment_status":"closed","ping_status":"closed","sticky":false,"template":"","format":"standard","meta":{"om_disable_all_campaigns":false,"_monsterinsights_skip_tracking":false,"_monsterinsights_sitenote_active":false,"_monsterinsights_sitenote_note":"","_monsterinsights_sitenote_category":0,"footnotes":""},"categories":[752],"tags":[],"class_list":["post-372360","post","type-post","status-publish","format-standard","hentry","category-programmi-tv"],"aioseo_notices":[],"_links":{"self":[{"href":"https:\/\/nugnes.com\/index.php?rest_route=\/wp\/v2\/posts\/372360","targetHints":{"allow":["GET"]}}],"collection":[{"href":"https:\/\/nugnes.com\/index.php?rest_route=\/wp\/v2\/posts"}],"about":[{"href":"https:\/\/nugnes.com\/index.php?rest_route=\/wp\/v2\/types\/post"}],"author":[{"embeddable":true,"href":"https:\/\/nugnes.com\/index.php?rest_route=\/wp\/v2\/users\/283"}],"replies":[{"embeddable":true,"href":"https:\/\/nugnes.com\/index.php?rest_route=%2Fwp%2Fv2%2Fcomments&post=372360"}],"version-history":[{"count":1,"href":"https:\/\/nugnes.com\/index.php?rest_route=\/wp\/v2\/posts\/372360\/revisions"}],"predecessor-version":[{"id":372361,"href":"https:\/\/nugnes.com\/index.php?rest_route=\/wp\/v2\/posts\/372360\/revisions\/372361"}],"wp:attachment":[{"href":"https:\/\/nugnes.com\/index.php?rest_route=%2Fwp%2Fv2%2Fmedia&parent=372360"}],"wp:term":[{"taxonomy":"category","embeddable":true,"href":"https:\/\/nugnes.com\/index.php?rest_route=%2Fwp%2Fv2%2Fcategories&post=372360"},{"taxonomy":"post_tag","embeddable":true,"href":"https:\/\/nugnes.com\/index.php?rest_route=%2Fwp%2Fv2%2Ftags&post=372360"}],"curies":[{"name":"wp","href":"https:\/\/api.w.org\/{rel}","templated":true}]}}