{"id":393094,"date":"2022-11-22T13:44:48","date_gmt":"2022-11-22T13:44:48","guid":{"rendered":"https:\/\/www.fanpage.it\/spettacolo\/?p=99345"},"modified":"2022-11-22T13:44:48","modified_gmt":"2022-11-22T13:44:48","slug":"i-figli-di-tiziano-ferro-lo-chiamano-papa-guardandolo-in-tv-tutto-il-senso-della-mia-vita","status":"publish","type":"post","link":"https:\/\/nugnes.com\/?p=393094","title":{"rendered":"I figli di Tiziano Ferro lo chiamano pap\u00e0 guardandolo in tv: &#8220;Tutto il senso della mia vita&#8221;"},"content":{"rendered":"<img src=\"https:\/\/static.fanpage.it\/wp-content\/uploads\/sites\/25\/2022\/11\/ipiccy_image-2022-11-22T142916.059-300x225.jpg\" \/><br \/>Tiziano Ferro ha condiviso su Instagram il momento in cui i figli Margherita e Andres lo hanno visto per la prima volta in tv, chiamando a gran voce \"pap\u00e0, pap\u00e0\". \"C\u2019\u00e8 tutto il senso della mia vita dietro questa parola pronunciata in maniera cos\u00ec innocente, cos\u00ec dolce\", ha scritto il cantante.<br \/><a href=\"https:\/\/www.fanpage.it\/spettacolo\/personaggi\/i-figli-di-tiziano-ferro-lo-chiamano-papa-guardandolo-in-tv-tutto-il-senso-della-mia-vita\/\">Continua a leggere<\/a>","protected":false},"excerpt":{"rendered":"<p>Tiziano Ferro ha condiviso su Instagram il momento in cui i figli Margherita e Andres lo hanno visto per la prima volta in tv, chiamando a gran voce &#8220;pap\u00e0, pap\u00e0&#8221;. &#8220;C\u2019\u00e8 tutto il senso della mia vita dietro questa parola pronunciata in maniera cos\u00ec innoc&#8230;<\/p>\n","protected":false},"author":275,"featured_media":0,"comment_status":"closed","ping_status":"closed","sticky":false,"template":"","format":"standard","meta":{"om_disable_all_campaigns":false,"_monsterinsights_skip_tracking":false,"_monsterinsights_sitenote_active":false,"_monsterinsights_sitenote_note":"","_monsterinsights_sitenote_category":0,"footnotes":""},"categories":[1407],"tags":[],"class_list":["post-393094","post","type-post","status-publish","format-standard","hentry","category-personaggi"],"aioseo_notices":[],"_links":{"self":[{"href":"https:\/\/nugnes.com\/index.php?rest_route=\/wp\/v2\/posts\/393094","targetHints":{"allow":["GET"]}}],"collection":[{"href":"https:\/\/nugnes.com\/index.php?rest_route=\/wp\/v2\/posts"}],"about":[{"href":"https:\/\/nugnes.com\/index.php?rest_route=\/wp\/v2\/types\/post"}],"author":[{"embeddable":true,"href":"https:\/\/nugnes.com\/index.php?rest_route=\/wp\/v2\/users\/275"}],"replies":[{"embeddable":true,"href":"https:\/\/nugnes.com\/index.php?rest_route=%2Fwp%2Fv2%2Fcomments&post=393094"}],"version-history":[{"count":1,"href":"https:\/\/nugnes.com\/index.php?rest_route=\/wp\/v2\/posts\/393094\/revisions"}],"predecessor-version":[{"id":393095,"href":"https:\/\/nugnes.com\/index.php?rest_route=\/wp\/v2\/posts\/393094\/revisions\/393095"}],"wp:attachment":[{"href":"https:\/\/nugnes.com\/index.php?rest_route=%2Fwp%2Fv2%2Fmedia&parent=393094"}],"wp:term":[{"taxonomy":"category","embeddable":true,"href":"https:\/\/nugnes.com\/index.php?rest_route=%2Fwp%2Fv2%2Fcategories&post=393094"},{"taxonomy":"post_tag","embeddable":true,"href":"https:\/\/nugnes.com\/index.php?rest_route=%2Fwp%2Fv2%2Ftags&post=393094"}],"curies":[{"name":"wp","href":"https:\/\/api.w.org\/{rel}","templated":true}]}}