{"id":394702,"date":"2022-11-25T13:55:55","date_gmt":"2022-11-25T13:55:55","guid":{"rendered":"https:\/\/www.fanpage.it\/?p=1763314"},"modified":"2022-11-25T13:55:55","modified_gmt":"2022-11-25T13:55:55","slug":"marco-cappato-e-in-svizzera-con-un-uomo-malato-di-parkinson-che-ha-chiesto-il-suicidio-assistito","status":"publish","type":"post","link":"https:\/\/nugnes.com\/?p=394702","title":{"rendered":"Marco Cappato \u00e8 in Svizzera con un uomo malato di Parkinson che ha chiesto il suicidio assistito"},"content":{"rendered":"<img src=\"https:\/\/static.fanpage.it\/wp-content\/uploads\/2022\/11\/marco-cappato-300x225.jpg\" \/><br \/>Marco Cappato \u00e8 di nuovo in Svizzera, dove ha accompagnato un uomo con una grave malattia neurodegenerativa per ricorrere al suicidio assistito. Il signor Romano, per\u00f2, non \u00e8 \"tenuto in vita da trattamenti di sostegno vitale\", perci\u00f2 Cappato sar\u00e0 nuovamente indagato al suo ritorno.<br \/><a href=\"https:\/\/www.fanpage.it\/politica\/marco-cappato-e-in-svizzera-con-un-uomo-malato-di-parkinson-che-ha-chiesto-il-suicidio-assistito\/\">Continua a leggere<\/a>","protected":false},"excerpt":{"rendered":"<p>Marco Cappato \u00e8 di nuovo in Svizzera, dove ha accompagnato un uomo con una grave malattia neurodegenerativa per ricorrere al suicidio assistito. Il signor Romano, per\u00f2, non \u00e8 &#8220;tenuto in vita da trattamenti di sostegno vitale&#8221;, perci\u00f2 Cappato sar\u00e0 nuova&#8230;<\/p>\n","protected":false},"author":187,"featured_media":0,"comment_status":"closed","ping_status":"closed","sticky":false,"template":"","format":"standard","meta":{"om_disable_all_campaigns":false,"_monsterinsights_skip_tracking":false,"_monsterinsights_sitenote_active":false,"_monsterinsights_sitenote_note":"","_monsterinsights_sitenote_category":0,"footnotes":""},"categories":[748],"tags":[],"class_list":["post-394702","post","type-post","status-publish","format-standard","hentry","category-politica-italiana"],"aioseo_notices":[],"_links":{"self":[{"href":"https:\/\/nugnes.com\/index.php?rest_route=\/wp\/v2\/posts\/394702","targetHints":{"allow":["GET"]}}],"collection":[{"href":"https:\/\/nugnes.com\/index.php?rest_route=\/wp\/v2\/posts"}],"about":[{"href":"https:\/\/nugnes.com\/index.php?rest_route=\/wp\/v2\/types\/post"}],"author":[{"embeddable":true,"href":"https:\/\/nugnes.com\/index.php?rest_route=\/wp\/v2\/users\/187"}],"replies":[{"embeddable":true,"href":"https:\/\/nugnes.com\/index.php?rest_route=%2Fwp%2Fv2%2Fcomments&post=394702"}],"version-history":[{"count":1,"href":"https:\/\/nugnes.com\/index.php?rest_route=\/wp\/v2\/posts\/394702\/revisions"}],"predecessor-version":[{"id":394703,"href":"https:\/\/nugnes.com\/index.php?rest_route=\/wp\/v2\/posts\/394702\/revisions\/394703"}],"wp:attachment":[{"href":"https:\/\/nugnes.com\/index.php?rest_route=%2Fwp%2Fv2%2Fmedia&parent=394702"}],"wp:term":[{"taxonomy":"category","embeddable":true,"href":"https:\/\/nugnes.com\/index.php?rest_route=%2Fwp%2Fv2%2Fcategories&post=394702"},{"taxonomy":"post_tag","embeddable":true,"href":"https:\/\/nugnes.com\/index.php?rest_route=%2Fwp%2Fv2%2Ftags&post=394702"}],"curies":[{"name":"wp","href":"https:\/\/api.w.org\/{rel}","templated":true}]}}