{"id":395942,"date":"2022-11-28T16:56:24","date_gmt":"2022-11-28T16:56:24","guid":{"rendered":"https:\/\/www.fanpage.it\/?p=1764807"},"modified":"2022-11-28T16:56:24","modified_gmt":"2022-11-28T16:56:24","slug":"senza-reddito-di-cittadinanza-ci-sarebbe-un-milione-di-poveri-in-piu-3-su-4-al-sud-i-dati-svimez","status":"publish","type":"post","link":"https:\/\/nugnes.com\/?p=395942","title":{"rendered":"Senza reddito di cittadinanza ci sarebbe un milione di poveri in pi\u00f9, 3 su 4 al Sud: i dati Svimez"},"content":{"rendered":"<img src=\"https:\/\/static.fanpage.it\/wp-content\/uploads\/2020\/01\/reddito-di-cittadinanza-2-1578992778044-300x225.jpg\" \/><br \/>Il report del centro studi Svimez, presentato oggi alla Camera, evidenzia tra le altre cose l'impatto positivo avuto dal reddito di cittadinanza per limitare la povert\u00e0. Al centro del rapporto, per\u00f2, c'\u00e8 la disparit\u00e0 tra Nord e Sud: le regioni meridionali sono state pi\u00f9 colpite dall'aumento dei prezzi, e lo saranno anche nei prossimi anni.<br \/><a href=\"https:\/\/www.fanpage.it\/politica\/senza-reddito-di-cittadinanza-ci-sarebbe-un-milione-di-poveri-in-piu-3-su-4-al-sud-i-dati-svimez\/\">Continua a leggere<\/a>","protected":false},"excerpt":{"rendered":"<p>Il report del centro studi Svimez, presentato oggi alla Camera, evidenzia tra le altre cose l&#8217;impatto positivo avuto dal reddito di cittadinanza per limitare la povert\u00e0. Al centro del rapporto, per\u00f2, c&#8217;\u00e8 la disparit\u00e0 tra Nord e Sud: le regioni meridion&#8230;<\/p>\n","protected":false},"author":425,"featured_media":0,"comment_status":"closed","ping_status":"closed","sticky":false,"template":"","format":"standard","meta":{"om_disable_all_campaigns":false,"_monsterinsights_skip_tracking":false,"_monsterinsights_sitenote_active":false,"_monsterinsights_sitenote_note":"","_monsterinsights_sitenote_category":0,"footnotes":""},"categories":[748],"tags":[],"class_list":["post-395942","post","type-post","status-publish","format-standard","hentry","category-politica-italiana"],"aioseo_notices":[],"_links":{"self":[{"href":"https:\/\/nugnes.com\/index.php?rest_route=\/wp\/v2\/posts\/395942","targetHints":{"allow":["GET"]}}],"collection":[{"href":"https:\/\/nugnes.com\/index.php?rest_route=\/wp\/v2\/posts"}],"about":[{"href":"https:\/\/nugnes.com\/index.php?rest_route=\/wp\/v2\/types\/post"}],"author":[{"embeddable":true,"href":"https:\/\/nugnes.com\/index.php?rest_route=\/wp\/v2\/users\/425"}],"replies":[{"embeddable":true,"href":"https:\/\/nugnes.com\/index.php?rest_route=%2Fwp%2Fv2%2Fcomments&post=395942"}],"version-history":[{"count":1,"href":"https:\/\/nugnes.com\/index.php?rest_route=\/wp\/v2\/posts\/395942\/revisions"}],"predecessor-version":[{"id":395943,"href":"https:\/\/nugnes.com\/index.php?rest_route=\/wp\/v2\/posts\/395942\/revisions\/395943"}],"wp:attachment":[{"href":"https:\/\/nugnes.com\/index.php?rest_route=%2Fwp%2Fv2%2Fmedia&parent=395942"}],"wp:term":[{"taxonomy":"category","embeddable":true,"href":"https:\/\/nugnes.com\/index.php?rest_route=%2Fwp%2Fv2%2Fcategories&post=395942"},{"taxonomy":"post_tag","embeddable":true,"href":"https:\/\/nugnes.com\/index.php?rest_route=%2Fwp%2Fv2%2Ftags&post=395942"}],"curies":[{"name":"wp","href":"https:\/\/api.w.org\/{rel}","templated":true}]}}