{"id":401127,"date":"2022-12-09T16:09:23","date_gmt":"2022-12-09T16:09:23","guid":{"rendered":"https:\/\/www.fanpage.it\/spettacolo\/?p=104325"},"modified":"2022-12-09T16:09:23","modified_gmt":"2022-12-09T16:09:23","slug":"ginevra-lamborghini-pronta-per-il-gfvip-solidale-con-oriana-non-mi-dichiarero-ad-antonino","status":"publish","type":"post","link":"https:\/\/nugnes.com\/?p=401127","title":{"rendered":"Ginevra Lamborghini pronta per il GFVip: &#8220;Solidale con Oriana, non mi dichiarer\u00f2 ad Antonino&#8221;"},"content":{"rendered":"<img src=\"https:\/\/static.fanpage.it\/wp-content\/uploads\/sites\/25\/2022\/12\/ipiccy_image-57-300x225.jpg\" \/><br \/>Ginevra Lamborghini a Casa Chi ha parlato del suo imminente ingresso nella casa del GF Vip. \"Voglio recuperare il rapporto con Giaele De Don\u00e0\", poi si \u00e8 dichiarata dalla parte di Oriana Marzoli: \"Sono solidale con le donne, non mi dichiarer\u00f2 ad Antonino Spinalbese\".<br \/><a href=\"https:\/\/www.fanpage.it\/spettacolo\/personaggi\/ginevra-lamborghini-pronta-per-il-gfvip-solidale-con-oriana-non-mi-dichiarero-ad-antonino\/\">Continua a leggere<\/a>","protected":false},"excerpt":{"rendered":"<p>Ginevra Lamborghini a Casa Chi ha parlato del suo imminente ingresso nella casa del GF Vip. &#8220;Voglio recuperare il rapporto con Giaele De Don\u00e0&#8221;, poi si \u00e8 dichiarata dalla parte di Oriana Marzoli: &#8220;Sono solidale con le donne, non mi dichiarer\u00f2 ad Antonin&#8230;<\/p>\n","protected":false},"author":283,"featured_media":0,"comment_status":"closed","ping_status":"closed","sticky":false,"template":"","format":"standard","meta":{"om_disable_all_campaigns":false,"_monsterinsights_skip_tracking":false,"_monsterinsights_sitenote_active":false,"_monsterinsights_sitenote_note":"","_monsterinsights_sitenote_category":0,"footnotes":""},"categories":[1407],"tags":[],"class_list":["post-401127","post","type-post","status-publish","format-standard","hentry","category-personaggi"],"aioseo_notices":[],"_links":{"self":[{"href":"https:\/\/nugnes.com\/index.php?rest_route=\/wp\/v2\/posts\/401127","targetHints":{"allow":["GET"]}}],"collection":[{"href":"https:\/\/nugnes.com\/index.php?rest_route=\/wp\/v2\/posts"}],"about":[{"href":"https:\/\/nugnes.com\/index.php?rest_route=\/wp\/v2\/types\/post"}],"author":[{"embeddable":true,"href":"https:\/\/nugnes.com\/index.php?rest_route=\/wp\/v2\/users\/283"}],"replies":[{"embeddable":true,"href":"https:\/\/nugnes.com\/index.php?rest_route=%2Fwp%2Fv2%2Fcomments&post=401127"}],"version-history":[{"count":1,"href":"https:\/\/nugnes.com\/index.php?rest_route=\/wp\/v2\/posts\/401127\/revisions"}],"predecessor-version":[{"id":401128,"href":"https:\/\/nugnes.com\/index.php?rest_route=\/wp\/v2\/posts\/401127\/revisions\/401128"}],"wp:attachment":[{"href":"https:\/\/nugnes.com\/index.php?rest_route=%2Fwp%2Fv2%2Fmedia&parent=401127"}],"wp:term":[{"taxonomy":"category","embeddable":true,"href":"https:\/\/nugnes.com\/index.php?rest_route=%2Fwp%2Fv2%2Fcategories&post=401127"},{"taxonomy":"post_tag","embeddable":true,"href":"https:\/\/nugnes.com\/index.php?rest_route=%2Fwp%2Fv2%2Ftags&post=401127"}],"curies":[{"name":"wp","href":"https:\/\/api.w.org\/{rel}","templated":true}]}}