{"id":402209,"date":"2022-12-12T16:00:17","date_gmt":"2022-12-12T16:00:17","guid":{"rendered":"https:\/\/www.fanpage.it\/milano\/?p=181068"},"modified":"2022-12-12T16:00:17","modified_gmt":"2022-12-12T16:00:17","slug":"la-scaletta-del-concerto-di-salmo-a-milano-il-12-dicembre-lordine-delle-canzoni","status":"publish","type":"post","link":"https:\/\/nugnes.com\/?p=402209","title":{"rendered":"La scaletta del concerto di Salmo a Milano il 12 dicembre: l&#8217;ordine delle canzoni"},"content":{"rendered":"<img src=\"https:\/\/static.fanpage.it\/wp-content\/uploads\/sites\/29\/2022\/12\/Salmo-Official-lebonwski-638x425.jpg\" \/><br \/>Alle 21 di questa sera, luned\u00ec 12 dicembre, inizier\u00e0 il concerto di Salmo al Mediolanum Forum di Assago. Sul palco insieme alla band Le Carie, nel suo Flop tour il rapper sardo porter\u00e0 anche i successi degli album precedenti. Gi\u00e0 sold out, torner\u00e0 a Milano il 20 marzo 2023.<br \/><a href=\"https:\/\/www.fanpage.it\/milano\/la-scaletta-del-concerto-di-salmo-a-milano-il-12-dicembre-lordine-delle-canzoni\/\">Continua a leggere<\/a>","protected":false},"excerpt":{"rendered":"<p>Alle 21 di questa sera, luned\u00ec 12 dicembre, inizier\u00e0 il concerto di Salmo al Mediolanum Forum di Assago. Sul palco insieme alla band Le Carie, nel suo Flop tour il rapper sardo porter\u00e0 anche i successi degli album precedenti. Gi\u00e0 sold out, torner\u00e0 a Mi&#8230;<\/p>\n","protected":false},"author":295,"featured_media":0,"comment_status":"closed","ping_status":"closed","sticky":false,"template":"","format":"standard","meta":{"om_disable_all_campaigns":false,"_monsterinsights_skip_tracking":false,"_monsterinsights_sitenote_active":false,"_monsterinsights_sitenote_note":"","_monsterinsights_sitenote_category":0,"footnotes":""},"categories":[745,1139],"tags":[],"class_list":["post-402209","post","type-post","status-publish","format-standard","hentry","category-attualita","category-eventi-e-turismo"],"aioseo_notices":[],"_links":{"self":[{"href":"https:\/\/nugnes.com\/index.php?rest_route=\/wp\/v2\/posts\/402209","targetHints":{"allow":["GET"]}}],"collection":[{"href":"https:\/\/nugnes.com\/index.php?rest_route=\/wp\/v2\/posts"}],"about":[{"href":"https:\/\/nugnes.com\/index.php?rest_route=\/wp\/v2\/types\/post"}],"author":[{"embeddable":true,"href":"https:\/\/nugnes.com\/index.php?rest_route=\/wp\/v2\/users\/295"}],"replies":[{"embeddable":true,"href":"https:\/\/nugnes.com\/index.php?rest_route=%2Fwp%2Fv2%2Fcomments&post=402209"}],"version-history":[{"count":1,"href":"https:\/\/nugnes.com\/index.php?rest_route=\/wp\/v2\/posts\/402209\/revisions"}],"predecessor-version":[{"id":402210,"href":"https:\/\/nugnes.com\/index.php?rest_route=\/wp\/v2\/posts\/402209\/revisions\/402210"}],"wp:attachment":[{"href":"https:\/\/nugnes.com\/index.php?rest_route=%2Fwp%2Fv2%2Fmedia&parent=402209"}],"wp:term":[{"taxonomy":"category","embeddable":true,"href":"https:\/\/nugnes.com\/index.php?rest_route=%2Fwp%2Fv2%2Fcategories&post=402209"},{"taxonomy":"post_tag","embeddable":true,"href":"https:\/\/nugnes.com\/index.php?rest_route=%2Fwp%2Fv2%2Ftags&post=402209"}],"curies":[{"name":"wp","href":"https:\/\/api.w.org\/{rel}","templated":true}]}}