{"id":409190,"date":"2022-12-29T08:14:46","date_gmt":"2022-12-29T08:14:46","guid":{"rendered":"https:\/\/www.fanpage.it\/sport\/?p=1783567"},"modified":"2022-12-29T08:14:46","modified_gmt":"2022-12-29T08:14:46","slug":"verratti-rinnova-a-vita-con-il-psg-e-galtier-gli-toglie-la-cittadinanza-italiana-chiamatelo-marc","status":"publish","type":"post","link":"https:\/\/nugnes.com\/?p=409190","title":{"rendered":"Verratti rinnova a vita con il PSG e Galtier gli toglie la cittadinanza italiana: &#8220;Chiamatelo Marc&#8221;"},"content":{"rendered":"<img src=\"https:\/\/static.fanpage.it\/wp-content\/uploads\/sites\/27\/2022\/12\/Verratti-psg-2026-638x425.jpg\" \/><br \/>Un entusiasta Christophe Galtier ha esaltato Marco Verratti, dal 2012 colonna portante del PSG con cui ha rinnovato fino al 2026. Un legame fortissimo a tal punto che ora \u00e8 considerato pi\u00f9 francese che italiano. Anche a fronte di una sua volont\u00e0 mai nascosta.<br \/><a href=\"https:\/\/www.fanpage.it\/sport\/calcio\/verratti-rinnova-a-vita-con-il-psg-e-galtier-gli-toglie-la-cittadinanza-italiana-chiamatelo-marc\/\">Continua a leggere<\/a>","protected":false},"excerpt":{"rendered":"<p>Un entusiasta Christophe Galtier ha esaltato Marco Verratti, dal 2012 colonna portante del PSG con cui ha rinnovato fino al 2026. Un legame fortissimo a tal punto che ora \u00e8 considerato pi\u00f9 francese che italiano. Anche a fronte di una sua volont\u00e0 mai na&#8230;<\/p>\n","protected":false},"author":81,"featured_media":0,"comment_status":"closed","ping_status":"closed","sticky":false,"template":"","format":"standard","meta":{"om_disable_all_campaigns":false,"_monsterinsights_skip_tracking":false,"_monsterinsights_sitenote_active":false,"_monsterinsights_sitenote_note":"","_monsterinsights_sitenote_category":0,"footnotes":""},"categories":[75,746,743,1297],"tags":[],"class_list":["post-409190","post","type-post","status-publish","format-standard","hentry","category-calcio","category-calciomercato","category-notizie","category-psg"],"aioseo_notices":[],"_links":{"self":[{"href":"https:\/\/nugnes.com\/index.php?rest_route=\/wp\/v2\/posts\/409190","targetHints":{"allow":["GET"]}}],"collection":[{"href":"https:\/\/nugnes.com\/index.php?rest_route=\/wp\/v2\/posts"}],"about":[{"href":"https:\/\/nugnes.com\/index.php?rest_route=\/wp\/v2\/types\/post"}],"author":[{"embeddable":true,"href":"https:\/\/nugnes.com\/index.php?rest_route=\/wp\/v2\/users\/81"}],"replies":[{"embeddable":true,"href":"https:\/\/nugnes.com\/index.php?rest_route=%2Fwp%2Fv2%2Fcomments&post=409190"}],"version-history":[{"count":1,"href":"https:\/\/nugnes.com\/index.php?rest_route=\/wp\/v2\/posts\/409190\/revisions"}],"predecessor-version":[{"id":409191,"href":"https:\/\/nugnes.com\/index.php?rest_route=\/wp\/v2\/posts\/409190\/revisions\/409191"}],"wp:attachment":[{"href":"https:\/\/nugnes.com\/index.php?rest_route=%2Fwp%2Fv2%2Fmedia&parent=409190"}],"wp:term":[{"taxonomy":"category","embeddable":true,"href":"https:\/\/nugnes.com\/index.php?rest_route=%2Fwp%2Fv2%2Fcategories&post=409190"},{"taxonomy":"post_tag","embeddable":true,"href":"https:\/\/nugnes.com\/index.php?rest_route=%2Fwp%2Fv2%2Ftags&post=409190"}],"curies":[{"name":"wp","href":"https:\/\/api.w.org\/{rel}","templated":true}]}}