{"id":414503,"date":"2023-01-10T14:54:32","date_gmt":"2023-01-10T14:54:32","guid":{"rendered":"https:\/\/www.fanpage.it\/sport\/?p=1788928"},"modified":"2023-01-10T14:54:32","modified_gmt":"2023-01-10T14:54:32","slug":"ancelotti-e-gattuso-erano-fratelli-ora-non-si-parlano-piu-abbiamo-avuto-problemi-personali","status":"publish","type":"post","link":"https:\/\/nugnes.com\/?p=414503","title":{"rendered":"Ancelotti e Gattuso erano fratelli, ora non si parlano pi\u00f9: &#8220;Abbiamo avuto problemi personali&#8221;"},"content":{"rendered":"<img src=\"https:\/\/static.fanpage.it\/wp-content\/uploads\/sites\/27\/2023\/01\/ancelotti-gattuso-non-si-parlano-638x425.jpg\" \/><br \/>Per tanti anni Gattuso e Ancelotti hanno avuto un rapporto splendido, si consideravano quasi di famiglia. Ma poi sul finire del 2019 qualcosa si \u00e8 rotto, in concomitanza dell'avvicendamento tra Ancelotti e Gattuso al Napoli. Da quel momento il loro rapporto non \u00e8 stato pi\u00f9 lo stesso, come hanno confermato entrambi alla vigilia di Real Madrid-Valencia.<br \/><a href=\"https:\/\/www.fanpage.it\/sport\/calcio\/ancelotti-e-gattuso-erano-fratelli-ora-non-si-parlano-piu-abbiamo-avuto-problemi-personali\/\">Continua a leggere<\/a>","protected":false},"excerpt":{"rendered":"<p>Per tanti anni Gattuso e Ancelotti hanno avuto un rapporto splendido, si consideravano quasi di famiglia. Ma poi sul finire del 2019 qualcosa si \u00e8 rotto, in concomitanza dell&#8217;avvicendamento tra Ancelotti e Gattuso al Napoli. Da quel momento il loro rap&#8230;<\/p>\n","protected":false},"author":116,"featured_media":0,"comment_status":"closed","ping_status":"closed","sticky":false,"template":"","format":"standard","meta":{"om_disable_all_campaigns":false,"_monsterinsights_skip_tracking":false,"_monsterinsights_sitenote_active":false,"_monsterinsights_sitenote_note":"","_monsterinsights_sitenote_category":0,"footnotes":""},"categories":[75,743],"tags":[],"class_list":["post-414503","post","type-post","status-publish","format-standard","hentry","category-calcio","category-notizie"],"aioseo_notices":[],"_links":{"self":[{"href":"https:\/\/nugnes.com\/index.php?rest_route=\/wp\/v2\/posts\/414503","targetHints":{"allow":["GET"]}}],"collection":[{"href":"https:\/\/nugnes.com\/index.php?rest_route=\/wp\/v2\/posts"}],"about":[{"href":"https:\/\/nugnes.com\/index.php?rest_route=\/wp\/v2\/types\/post"}],"author":[{"embeddable":true,"href":"https:\/\/nugnes.com\/index.php?rest_route=\/wp\/v2\/users\/116"}],"replies":[{"embeddable":true,"href":"https:\/\/nugnes.com\/index.php?rest_route=%2Fwp%2Fv2%2Fcomments&post=414503"}],"version-history":[{"count":1,"href":"https:\/\/nugnes.com\/index.php?rest_route=\/wp\/v2\/posts\/414503\/revisions"}],"predecessor-version":[{"id":414504,"href":"https:\/\/nugnes.com\/index.php?rest_route=\/wp\/v2\/posts\/414503\/revisions\/414504"}],"wp:attachment":[{"href":"https:\/\/nugnes.com\/index.php?rest_route=%2Fwp%2Fv2%2Fmedia&parent=414503"}],"wp:term":[{"taxonomy":"category","embeddable":true,"href":"https:\/\/nugnes.com\/index.php?rest_route=%2Fwp%2Fv2%2Fcategories&post=414503"},{"taxonomy":"post_tag","embeddable":true,"href":"https:\/\/nugnes.com\/index.php?rest_route=%2Fwp%2Fv2%2Ftags&post=414503"}],"curies":[{"name":"wp","href":"https:\/\/api.w.org\/{rel}","templated":true}]}}