{"id":427220,"date":"2023-02-06T16:12:41","date_gmt":"2023-02-06T16:12:41","guid":{"rendered":"https:\/\/www.fanpage.it\/roma\/?p=645198"},"modified":"2023-02-06T16:12:41","modified_gmt":"2023-02-06T16:12:41","slug":"incidente-sul-grande-raccordo-anulare-auto-in-fiamme-conducente-gravissimo-soccorso-da-elicottero","status":"publish","type":"post","link":"https:\/\/nugnes.com\/?p=427220","title":{"rendered":"Incidente sul Grande Raccordo Anulare, auto in fiamme: conducente gravissimo, soccorso da elicottero"},"content":{"rendered":"<img src=\"https:\/\/static.fanpage.it\/wp-content\/uploads\/sites\/2\/2020\/02\/eliambulanzafabriano-01-jpg-1509912657658-newsbox1-300x225.jpg\" \/><br \/>Intorno alle 12 di oggi, luned\u00ec 6 febbraio, una macchina si \u00e8 schiantata contro il guard rail, si \u00e8 incendiata e poi \u00e8 esplosa all'altezza di Casal del Marmo.<br \/><a href=\"https:\/\/www.fanpage.it\/roma\/incidente-sul-grande-raccordo-anulare-auto-in-fiamme-conducente-gravissimo-soccorso-da-elicottero\/\">Continua a leggere<\/a>","protected":false},"excerpt":{"rendered":"<p>Intorno alle 12 di oggi, luned\u00ec 6 febbraio, una macchina si \u00e8 schiantata contro il guard rail, si \u00e8 incendiata e poi \u00e8 esplosa all&#8217;altezza di Casal del Marmo.Continua a leggere<\/p>\n","protected":false},"author":85,"featured_media":0,"comment_status":"closed","ping_status":"closed","sticky":false,"template":"","format":"standard","meta":{"om_disable_all_campaigns":false,"_monsterinsights_skip_tracking":false,"_monsterinsights_sitenote_active":false,"_monsterinsights_sitenote_note":"","_monsterinsights_sitenote_category":0,"footnotes":""},"categories":[745],"tags":[],"class_list":["post-427220","post","type-post","status-publish","format-standard","hentry","category-attualita"],"aioseo_notices":[],"_links":{"self":[{"href":"https:\/\/nugnes.com\/index.php?rest_route=\/wp\/v2\/posts\/427220","targetHints":{"allow":["GET"]}}],"collection":[{"href":"https:\/\/nugnes.com\/index.php?rest_route=\/wp\/v2\/posts"}],"about":[{"href":"https:\/\/nugnes.com\/index.php?rest_route=\/wp\/v2\/types\/post"}],"author":[{"embeddable":true,"href":"https:\/\/nugnes.com\/index.php?rest_route=\/wp\/v2\/users\/85"}],"replies":[{"embeddable":true,"href":"https:\/\/nugnes.com\/index.php?rest_route=%2Fwp%2Fv2%2Fcomments&post=427220"}],"version-history":[{"count":2,"href":"https:\/\/nugnes.com\/index.php?rest_route=\/wp\/v2\/posts\/427220\/revisions"}],"predecessor-version":[{"id":427325,"href":"https:\/\/nugnes.com\/index.php?rest_route=\/wp\/v2\/posts\/427220\/revisions\/427325"}],"wp:attachment":[{"href":"https:\/\/nugnes.com\/index.php?rest_route=%2Fwp%2Fv2%2Fmedia&parent=427220"}],"wp:term":[{"taxonomy":"category","embeddable":true,"href":"https:\/\/nugnes.com\/index.php?rest_route=%2Fwp%2Fv2%2Fcategories&post=427220"},{"taxonomy":"post_tag","embeddable":true,"href":"https:\/\/nugnes.com\/index.php?rest_route=%2Fwp%2Fv2%2Ftags&post=427220"}],"curies":[{"name":"wp","href":"https:\/\/api.w.org\/{rel}","templated":true}]}}