{"id":431150,"date":"2023-02-13T11:37:05","date_gmt":"2023-02-13T11:37:05","guid":{"rendered":"https:\/\/www.fanpage.it\/spettacolo\/?p=127469"},"modified":"2023-02-13T11:37:05","modified_gmt":"2023-02-13T11:37:05","slug":"arisa-in-lacrime-ad-amici22-amadeus-non-mi-prende-a-sanremo-da-due-anni-mi-sento-una-meda","status":"publish","type":"post","link":"https:\/\/nugnes.com\/?p=431150","title":{"rendered":"Arisa in lacrime ad Amici22: &#8220;Amadeus non mi prende a Sanremo da due anni, mi sento una me*da&#8221;"},"content":{"rendered":"<img src=\"https:\/\/static.fanpage.it\/wp-content\/uploads\/sites\/25\/2023\/02\/ipiccy_image-2023-02-13T123243.988-300x225.jpg\" \/><br \/>Arisa ad Amici 22, nel pomeridiano di ieri domenica 12 febbraio 2023, si \u00e8 lasciata andare ad un lungo sfogo: \"Amadeus non mi chiama pi\u00f9 a Sanremo, mi sento una me*da, non pi\u00f9 all'altezza\". La cantante aveva chiesto a Maria de Filippi di tagliare la parte, essendo la puntata registrata.<br \/><a href=\"https:\/\/www.fanpage.it\/spettacolo\/programmi-tv\/arisa-in-lacrime-ad-amici22-amadeus-non-mi-prende-a-sanremo-da-due-anni-mi-sento-una-meda\/\">Continua a leggere<\/a>","protected":false},"excerpt":{"rendered":"<p>Arisa ad Amici 22, nel pomeridiano di ieri domenica 12 febbraio 2023, si \u00e8 lasciata andare ad un lungo sfogo: &#8220;Amadeus non mi chiama pi\u00f9 a Sanremo, mi sento una me*da, non pi\u00f9 all&#8217;altezza&#8221;. La cantante aveva chiesto a Maria de Filippi di tagliare la pa&#8230;<\/p>\n","protected":false},"author":283,"featured_media":0,"comment_status":"closed","ping_status":"closed","sticky":false,"template":"","format":"standard","meta":{"om_disable_all_campaigns":false,"_monsterinsights_skip_tracking":false,"_monsterinsights_sitenote_active":false,"_monsterinsights_sitenote_note":"","_monsterinsights_sitenote_category":0,"footnotes":""},"categories":[752],"tags":[],"class_list":["post-431150","post","type-post","status-publish","format-standard","hentry","category-programmi-tv"],"aioseo_notices":[],"_links":{"self":[{"href":"https:\/\/nugnes.com\/index.php?rest_route=\/wp\/v2\/posts\/431150","targetHints":{"allow":["GET"]}}],"collection":[{"href":"https:\/\/nugnes.com\/index.php?rest_route=\/wp\/v2\/posts"}],"about":[{"href":"https:\/\/nugnes.com\/index.php?rest_route=\/wp\/v2\/types\/post"}],"author":[{"embeddable":true,"href":"https:\/\/nugnes.com\/index.php?rest_route=\/wp\/v2\/users\/283"}],"replies":[{"embeddable":true,"href":"https:\/\/nugnes.com\/index.php?rest_route=%2Fwp%2Fv2%2Fcomments&post=431150"}],"version-history":[{"count":1,"href":"https:\/\/nugnes.com\/index.php?rest_route=\/wp\/v2\/posts\/431150\/revisions"}],"predecessor-version":[{"id":431151,"href":"https:\/\/nugnes.com\/index.php?rest_route=\/wp\/v2\/posts\/431150\/revisions\/431151"}],"wp:attachment":[{"href":"https:\/\/nugnes.com\/index.php?rest_route=%2Fwp%2Fv2%2Fmedia&parent=431150"}],"wp:term":[{"taxonomy":"category","embeddable":true,"href":"https:\/\/nugnes.com\/index.php?rest_route=%2Fwp%2Fv2%2Fcategories&post=431150"},{"taxonomy":"post_tag","embeddable":true,"href":"https:\/\/nugnes.com\/index.php?rest_route=%2Fwp%2Fv2%2Ftags&post=431150"}],"curies":[{"name":"wp","href":"https:\/\/api.w.org\/{rel}","templated":true}]}}