{"id":432998,"date":"2023-02-16T19:05:04","date_gmt":"2023-02-16T19:05:04","guid":{"rendered":"https:\/\/www.fanpage.it\/stile-e-trend\/?p=100336"},"modified":"2023-02-16T19:05:04","modified_gmt":"2023-02-16T19:05:04","slug":"elisabetta-canalis-punta-sulla-manicure-nude-da-il-via-ai-preparativi-per-la-milano-fashion-week","status":"publish","type":"post","link":"https:\/\/nugnes.com\/?p=432998","title":{"rendered":"Elisabetta Canalis punta sulla manicure nude: d\u00e0 il via ai preparativi per la Milano Fashion Week"},"content":{"rendered":"<img src=\"https:\/\/static.fanpage.it\/wp-content\/uploads\/sites\/33\/2023\/02\/elisabetta-canalis-manicure-nude-milano-fashion-week-638x425.jpg\" \/><br \/>Elisabetta Canalis \u00e8 tornata in Italia per la Milano Fashion Week e ha gi\u00e0 dato il via ai preparativi per apparire perfetta alle sfilate. Da cosa \u00e8 partita? Dalla manicure.<br \/><a href=\"https:\/\/www.fanpage.it\/stile-e-trend\/moda\/elisabetta-canalis-punta-sulla-manicure-nude-da-il-via-ai-preparativi-per-la-milano-fashion-week\/\">Continua a leggere<\/a>","protected":false},"excerpt":{"rendered":"<p>Elisabetta Canalis \u00e8 tornata in Italia per la Milano Fashion Week e ha gi\u00e0 dato il via ai preparativi per apparire perfetta alle sfilate. Da cosa \u00e8 partita? Dalla manicure.Continua a leggere<\/p>\n","protected":false},"author":127,"featured_media":0,"comment_status":"closed","ping_status":"closed","sticky":false,"template":"","format":"standard","meta":{"om_disable_all_campaigns":false,"_monsterinsights_skip_tracking":false,"_monsterinsights_sitenote_active":false,"_monsterinsights_sitenote_note":"","_monsterinsights_sitenote_category":0,"footnotes":""},"categories":[799,1388],"tags":[],"class_list":["post-432998","post","type-post","status-publish","format-standard","hentry","category-look-da-star","category-moda-e-lifestyle"],"aioseo_notices":[],"_links":{"self":[{"href":"https:\/\/nugnes.com\/index.php?rest_route=\/wp\/v2\/posts\/432998","targetHints":{"allow":["GET"]}}],"collection":[{"href":"https:\/\/nugnes.com\/index.php?rest_route=\/wp\/v2\/posts"}],"about":[{"href":"https:\/\/nugnes.com\/index.php?rest_route=\/wp\/v2\/types\/post"}],"author":[{"embeddable":true,"href":"https:\/\/nugnes.com\/index.php?rest_route=\/wp\/v2\/users\/127"}],"replies":[{"embeddable":true,"href":"https:\/\/nugnes.com\/index.php?rest_route=%2Fwp%2Fv2%2Fcomments&post=432998"}],"version-history":[{"count":1,"href":"https:\/\/nugnes.com\/index.php?rest_route=\/wp\/v2\/posts\/432998\/revisions"}],"predecessor-version":[{"id":432999,"href":"https:\/\/nugnes.com\/index.php?rest_route=\/wp\/v2\/posts\/432998\/revisions\/432999"}],"wp:attachment":[{"href":"https:\/\/nugnes.com\/index.php?rest_route=%2Fwp%2Fv2%2Fmedia&parent=432998"}],"wp:term":[{"taxonomy":"category","embeddable":true,"href":"https:\/\/nugnes.com\/index.php?rest_route=%2Fwp%2Fv2%2Fcategories&post=432998"},{"taxonomy":"post_tag","embeddable":true,"href":"https:\/\/nugnes.com\/index.php?rest_route=%2Fwp%2Fv2%2Ftags&post=432998"}],"curies":[{"name":"wp","href":"https:\/\/api.w.org\/{rel}","templated":true}]}}