{"id":434049,"date":"2023-02-19T12:52:06","date_gmt":"2023-02-19T12:52:06","guid":{"rendered":"https:\/\/www.fanpage.it\/?p=1810517"},"modified":"2023-02-19T12:52:06","modified_gmt":"2023-02-19T12:52:06","slug":"tajani-alla-conferenza-di-monaco-sulla-sicurezza-litalia-sta-con-la-nato-ucraina-entrera-in-ue","status":"publish","type":"post","link":"https:\/\/nugnes.com\/?p=434049","title":{"rendered":"Tajani alla Conferenza di Monaco sulla sicurezza: &#8220;L&#8217;Italia sta con la Nato. Ucraina entrer\u00e0 in Ue&#8221;"},"content":{"rendered":"<img src=\"https:\/\/static.fanpage.it\/wp-content\/uploads\/2023\/02\/tajani-300x225.jpg\" \/><br \/>\"L'Italia \u00e8 con l'Europa, gli Stati Uniti e la Nato. \u00c8 necessaria una sicurezza europea se vogliamo essere pi\u00f9 forti nell'ambito della Nato. Dobbiamo investire di pi\u00f9 nella difesa europea se intendiamo proteggerci\": lo ha detto il ministro degli Esteri, Antonio Tajani, alla Conferenza di Monaco sulla sicurezza.<br \/><a href=\"https:\/\/www.fanpage.it\/politica\/tajani-alla-conferenza-di-monaco-sulla-sicurezza-litalia-sta-con-la-nato-ucraina-entrera-in-ue\/\">Continua a leggere<\/a>","protected":false},"excerpt":{"rendered":"<p>&#8220;L&#8217;Italia \u00e8 con l&#8217;Europa, gli Stati Uniti e la Nato. \u00c8 necessaria una sicurezza europea se vogliamo essere pi\u00f9 forti nell&#8217;ambito della Nato. Dobbiamo investire di pi\u00f9 nella difesa europea se intendiamo proteggerci&#8221;: lo ha detto il ministro degli Esteri&#8230;<\/p>\n","protected":false},"author":104,"featured_media":0,"comment_status":"closed","ping_status":"closed","sticky":false,"template":"","format":"standard","meta":{"om_disable_all_campaigns":false,"_monsterinsights_skip_tracking":false,"_monsterinsights_sitenote_active":false,"_monsterinsights_sitenote_note":"","_monsterinsights_sitenote_category":0,"footnotes":""},"categories":[748],"tags":[],"class_list":["post-434049","post","type-post","status-publish","format-standard","hentry","category-politica-italiana"],"aioseo_notices":[],"_links":{"self":[{"href":"https:\/\/nugnes.com\/index.php?rest_route=\/wp\/v2\/posts\/434049","targetHints":{"allow":["GET"]}}],"collection":[{"href":"https:\/\/nugnes.com\/index.php?rest_route=\/wp\/v2\/posts"}],"about":[{"href":"https:\/\/nugnes.com\/index.php?rest_route=\/wp\/v2\/types\/post"}],"author":[{"embeddable":true,"href":"https:\/\/nugnes.com\/index.php?rest_route=\/wp\/v2\/users\/104"}],"replies":[{"embeddable":true,"href":"https:\/\/nugnes.com\/index.php?rest_route=%2Fwp%2Fv2%2Fcomments&post=434049"}],"version-history":[{"count":1,"href":"https:\/\/nugnes.com\/index.php?rest_route=\/wp\/v2\/posts\/434049\/revisions"}],"predecessor-version":[{"id":434050,"href":"https:\/\/nugnes.com\/index.php?rest_route=\/wp\/v2\/posts\/434049\/revisions\/434050"}],"wp:attachment":[{"href":"https:\/\/nugnes.com\/index.php?rest_route=%2Fwp%2Fv2%2Fmedia&parent=434049"}],"wp:term":[{"taxonomy":"category","embeddable":true,"href":"https:\/\/nugnes.com\/index.php?rest_route=%2Fwp%2Fv2%2Fcategories&post=434049"},{"taxonomy":"post_tag","embeddable":true,"href":"https:\/\/nugnes.com\/index.php?rest_route=%2Fwp%2Fv2%2Ftags&post=434049"}],"curies":[{"name":"wp","href":"https:\/\/api.w.org\/{rel}","templated":true}]}}