{"id":438242,"date":"2023-02-28T07:48:46","date_gmt":"2023-02-28T07:48:46","guid":{"rendered":"https:\/\/www.fanpage.it\/stile-e-trend\/?p=102996"},"modified":"2023-02-28T07:48:46","modified_gmt":"2023-02-28T07:48:46","slug":"chiara-ferragni-porta-la-primavera-a-parigi-da-il-via-alla-fashion-week-con-labito-di-piume","status":"publish","type":"post","link":"https:\/\/nugnes.com\/?p=438242","title":{"rendered":"Chiara Ferragni porta la primavera a Parigi: d\u00e0 il via alla Fashion Week con l\u2019abito di piume"},"content":{"rendered":"<img src=\"https:\/\/static.fanpage.it\/wp-content\/uploads\/sites\/33\/2023\/02\/chiara-ferragni-paris-fashion-week-primo-look-abito-piume-638x425.jpg\" \/><br \/>Chiara Ferragni \u00e8 volata a Parigi per Fashion Week ma ha gi\u00e0 preannunciato che ci rimarr\u00e0 solo per 24 ore. Per dare il via alle sfilate ha osato in fatto di colori e dettagli esuberanti: ecco il look con cui ha anticipato la primavera.<br \/><a href=\"https:\/\/www.fanpage.it\/stile-e-trend\/moda\/chiara-ferragni-porta-la-primavera-a-parigi-da-il-via-alla-fashion-week-con-labito-di-piume\/\">Continua a leggere<\/a>","protected":false},"excerpt":{"rendered":"<p>Chiara Ferragni \u00e8 volata a Parigi per Fashion Week ma ha gi\u00e0 preannunciato che ci rimarr\u00e0 solo per 24 ore. Per dare il via alle sfilate ha osato in fatto di colori e dettagli esuberanti: ecco il look con cui ha anticipato la primavera.Continua a legger&#8230;<\/p>\n","protected":false},"author":127,"featured_media":0,"comment_status":"closed","ping_status":"closed","sticky":false,"template":"","format":"standard","meta":{"om_disable_all_campaigns":false,"_monsterinsights_skip_tracking":false,"_monsterinsights_sitenote_active":false,"_monsterinsights_sitenote_note":"","_monsterinsights_sitenote_category":0,"footnotes":""},"categories":[799,1388],"tags":[],"class_list":["post-438242","post","type-post","status-publish","format-standard","hentry","category-look-da-star","category-moda-e-lifestyle"],"aioseo_notices":[],"_links":{"self":[{"href":"https:\/\/nugnes.com\/index.php?rest_route=\/wp\/v2\/posts\/438242","targetHints":{"allow":["GET"]}}],"collection":[{"href":"https:\/\/nugnes.com\/index.php?rest_route=\/wp\/v2\/posts"}],"about":[{"href":"https:\/\/nugnes.com\/index.php?rest_route=\/wp\/v2\/types\/post"}],"author":[{"embeddable":true,"href":"https:\/\/nugnes.com\/index.php?rest_route=\/wp\/v2\/users\/127"}],"replies":[{"embeddable":true,"href":"https:\/\/nugnes.com\/index.php?rest_route=%2Fwp%2Fv2%2Fcomments&post=438242"}],"version-history":[{"count":1,"href":"https:\/\/nugnes.com\/index.php?rest_route=\/wp\/v2\/posts\/438242\/revisions"}],"predecessor-version":[{"id":438243,"href":"https:\/\/nugnes.com\/index.php?rest_route=\/wp\/v2\/posts\/438242\/revisions\/438243"}],"wp:attachment":[{"href":"https:\/\/nugnes.com\/index.php?rest_route=%2Fwp%2Fv2%2Fmedia&parent=438242"}],"wp:term":[{"taxonomy":"category","embeddable":true,"href":"https:\/\/nugnes.com\/index.php?rest_route=%2Fwp%2Fv2%2Fcategories&post=438242"},{"taxonomy":"post_tag","embeddable":true,"href":"https:\/\/nugnes.com\/index.php?rest_route=%2Fwp%2Fv2%2Ftags&post=438242"}],"curies":[{"name":"wp","href":"https:\/\/api.w.org\/{rel}","templated":true}]}}