{"id":441251,"date":"2023-03-06T16:22:23","date_gmt":"2023-03-06T16:22:23","guid":{"rendered":"https:\/\/www.fanpage.it\/spettacolo\/?p=134082"},"modified":"2023-03-06T16:22:23","modified_gmt":"2023-03-06T16:22:23","slug":"ciao-darwin-marco-salvati-non-solo-uomini-e-donne-introdurremo-il-settore-arcobaleno-nel-pubblico","status":"publish","type":"post","link":"https:\/\/nugnes.com\/?p=441251","title":{"rendered":"Ciao Darwin, Marco Salvati: &#8220;Non solo uomini e donne, introdurremo il settore arcobaleno nel pubblico&#8221;"},"content":{"rendered":"<img src=\"https:\/\/staticfanpage.akamaized.net\/wp-content\/uploads\/sites\/25\/2023\/03\/salvati-bonolis.jpg\" \/><br \/>Marco Salvati, capoprogetto di Ciao Darwin, ha annunciato che nel pubblico verr\u00e0 aggiunto il settore \"Arcobaleno\" ai settori uomini e donne. La decisione di operare questa distinzione, tuttavia, sta generando delle perplessit\u00e0 sui social. C'\u00e8 chi lo vede come l'ennesimo modo di ghettizzare la comunit\u00e0 LGBTQIA+.<br \/><a href=\"https:\/\/www.fanpage.it\/spettacolo\/programmi-tv\/ciao-darwin-marco-salvati-non-solo-uomini-e-donne-introdurremo-il-settore-arcobaleno-nel-pubblico\/\">Continua a leggere<\/a>","protected":false},"excerpt":{"rendered":"<p>Marco Salvati, capoprogetto di Ciao Darwin, ha annunciato che nel pubblico verr\u00e0 aggiunto il settore &#8220;Arcobaleno&#8221; ai settori uomini e donne. La decisione di operare questa distinzione, tuttavia, sta generando delle perplessit\u00e0 sui social. C&#8217;\u00e8 chi lo ve&#8230;<\/p>\n","protected":false},"author":121,"featured_media":0,"comment_status":"closed","ping_status":"closed","sticky":false,"template":"","format":"standard","meta":{"om_disable_all_campaigns":false,"_monsterinsights_skip_tracking":false,"_monsterinsights_sitenote_active":false,"_monsterinsights_sitenote_note":"","_monsterinsights_sitenote_category":0,"footnotes":""},"categories":[752],"tags":[],"class_list":["post-441251","post","type-post","status-publish","format-standard","hentry","category-programmi-tv"],"aioseo_notices":[],"_links":{"self":[{"href":"https:\/\/nugnes.com\/index.php?rest_route=\/wp\/v2\/posts\/441251","targetHints":{"allow":["GET"]}}],"collection":[{"href":"https:\/\/nugnes.com\/index.php?rest_route=\/wp\/v2\/posts"}],"about":[{"href":"https:\/\/nugnes.com\/index.php?rest_route=\/wp\/v2\/types\/post"}],"author":[{"embeddable":true,"href":"https:\/\/nugnes.com\/index.php?rest_route=\/wp\/v2\/users\/121"}],"replies":[{"embeddable":true,"href":"https:\/\/nugnes.com\/index.php?rest_route=%2Fwp%2Fv2%2Fcomments&post=441251"}],"version-history":[{"count":1,"href":"https:\/\/nugnes.com\/index.php?rest_route=\/wp\/v2\/posts\/441251\/revisions"}],"predecessor-version":[{"id":441252,"href":"https:\/\/nugnes.com\/index.php?rest_route=\/wp\/v2\/posts\/441251\/revisions\/441252"}],"wp:attachment":[{"href":"https:\/\/nugnes.com\/index.php?rest_route=%2Fwp%2Fv2%2Fmedia&parent=441251"}],"wp:term":[{"taxonomy":"category","embeddable":true,"href":"https:\/\/nugnes.com\/index.php?rest_route=%2Fwp%2Fv2%2Fcategories&post=441251"},{"taxonomy":"post_tag","embeddable":true,"href":"https:\/\/nugnes.com\/index.php?rest_route=%2Fwp%2Fv2%2Ftags&post=441251"}],"curies":[{"name":"wp","href":"https:\/\/api.w.org\/{rel}","templated":true}]}}