{"id":443762,"date":"2023-03-11T09:53:49","date_gmt":"2023-03-11T09:53:49","guid":{"rendered":"https:\/\/www.fanpage.it\/spettacolo\/?p=135723"},"modified":"2023-03-11T09:53:49","modified_gmt":"2023-03-11T09:53:49","slug":"benedetta-primavera-loretta-goggi-dimostra-che-intelligenza-e-professionalita-in-tv-non-hanno-eta","status":"publish","type":"post","link":"https:\/\/nugnes.com\/?p=443762","title":{"rendered":"Benedetta Primavera, Loretta Goggi dimostra che intelligenza e professionalit\u00e0 in tv non hanno et\u00e0"},"content":{"rendered":"<img src=\"https:\/\/staticfanpage.akamaized.net\/wp-content\/uploads\/sites\/25\/2023\/03\/foto-iwan-palombi-verticale-018-1678527340012-638x425.jpg\" \/><br \/>Loretta Goggi \u00e8 protagonista di Benedetta Primavera, il one woman show da lei condotto e animato nel primetime di Rai 1. La prima puntata di venerd\u00ec 10 marzo \u00e8 stata un tuffo nel passato e nei suoi incredibili ricordi che \u00e8 riuscito, per\u00f2, a mantenere costantemente un occhio, anche molto critico, sul presente. Professionalit\u00e0 e intelligenza non si improvvisano. E, Goggi ne \u00e8 la prova, non hanno et\u00e0. Chapeau!<br \/><a href=\"https:\/\/www.fanpage.it\/spettacolo\/programmi-tv\/benedetta-primavera-loretta-goggi-dimostra-che-intelligenza-e-professionalita-in-tv-non-hanno-eta\/\">Continua a leggere<\/a>","protected":false},"excerpt":{"rendered":"<p>Loretta Goggi \u00e8 protagonista di Benedetta Primavera, il one woman show da lei condotto e animato nel primetime di Rai 1. La prima puntata di venerd\u00ec 10 marzo \u00e8 stata un tuffo nel passato e nei suoi incredibili ricordi che \u00e8 riuscito, per\u00f2, a mantenere &#8230;<\/p>\n","protected":false},"author":315,"featured_media":0,"comment_status":"closed","ping_status":"closed","sticky":false,"template":"","format":"standard","meta":{"om_disable_all_campaigns":false,"_monsterinsights_skip_tracking":false,"_monsterinsights_sitenote_active":false,"_monsterinsights_sitenote_note":"","_monsterinsights_sitenote_category":0,"footnotes":""},"categories":[752],"tags":[],"class_list":["post-443762","post","type-post","status-publish","format-standard","hentry","category-programmi-tv"],"aioseo_notices":[],"_links":{"self":[{"href":"https:\/\/nugnes.com\/index.php?rest_route=\/wp\/v2\/posts\/443762","targetHints":{"allow":["GET"]}}],"collection":[{"href":"https:\/\/nugnes.com\/index.php?rest_route=\/wp\/v2\/posts"}],"about":[{"href":"https:\/\/nugnes.com\/index.php?rest_route=\/wp\/v2\/types\/post"}],"author":[{"embeddable":true,"href":"https:\/\/nugnes.com\/index.php?rest_route=\/wp\/v2\/users\/315"}],"replies":[{"embeddable":true,"href":"https:\/\/nugnes.com\/index.php?rest_route=%2Fwp%2Fv2%2Fcomments&post=443762"}],"version-history":[{"count":1,"href":"https:\/\/nugnes.com\/index.php?rest_route=\/wp\/v2\/posts\/443762\/revisions"}],"predecessor-version":[{"id":443763,"href":"https:\/\/nugnes.com\/index.php?rest_route=\/wp\/v2\/posts\/443762\/revisions\/443763"}],"wp:attachment":[{"href":"https:\/\/nugnes.com\/index.php?rest_route=%2Fwp%2Fv2%2Fmedia&parent=443762"}],"wp:term":[{"taxonomy":"category","embeddable":true,"href":"https:\/\/nugnes.com\/index.php?rest_route=%2Fwp%2Fv2%2Fcategories&post=443762"},{"taxonomy":"post_tag","embeddable":true,"href":"https:\/\/nugnes.com\/index.php?rest_route=%2Fwp%2Fv2%2Ftags&post=443762"}],"curies":[{"name":"wp","href":"https:\/\/api.w.org\/{rel}","templated":true}]}}