{"id":447328,"date":"2023-03-18T15:16:36","date_gmt":"2023-03-18T15:16:36","guid":{"rendered":"https:\/\/www.fanpage.it\/?p=1823143"},"modified":"2023-03-18T15:16:36","modified_gmt":"2023-03-18T15:16:36","slug":"emergenza-idrica-la-diga-del-molato-e-al-10-e-la-pianura-padana-rischia-di-rimanere-gia-senza-acqua","status":"publish","type":"post","link":"https:\/\/nugnes.com\/?p=447328","title":{"rendered":"Emergenza Idrica, la diga del Molato \u00e8 al 10%: e la pianura Padana rischia di rimanere gi\u00e0 senza acqua"},"content":{"rendered":"<img src=\"https:\/\/staticfanpage.akamaized.net\/wp-content\/uploads\/2023\/03\/La-Grande-Diga-Vuota.00_02_09_06.Immagine005-300x225.jpg\" \/><br \/>Degli 8 milioni di metri cubi che \u00e8 in grado di trattenere non c'\u00e8 rimasto granch\u00e9, le previsioni del tempo nelle prossime settimane dicono sole e la grande diga che disseta i campi agricoli del piacentino \u00e8 sotto il 10% della capienza: l'anno scorso in questo periodo era al 30%. Anche la centrale idroelettrica collegata alla diga \u00e8 ferma.<br \/><a href=\"https:\/\/www.fanpage.it\/attualita\/emergenza-idrica-la-diga-del-molato-e-al-10-e-la-pianura-padana-rischia-di-rimanere-gia-senza-acqua\/\">Continua a leggere<\/a>","protected":false},"excerpt":{"rendered":"<p>Degli 8 milioni di metri cubi che \u00e8 in grado di trattenere non c&#8217;\u00e8 rimasto granch\u00e9, le previsioni del tempo nelle prossime settimane dicono sole e la grande diga che disseta i campi agricoli del piacentino \u00e8 sotto il 10% della capienza: l&#8217;anno scorso i&#8230;<\/p>\n","protected":false},"author":131,"featured_media":0,"comment_status":"closed","ping_status":"closed","sticky":false,"template":"","format":"standard","meta":{"om_disable_all_campaigns":false,"_monsterinsights_skip_tracking":false,"_monsterinsights_sitenote_active":false,"_monsterinsights_sitenote_note":"","_monsterinsights_sitenote_category":0,"footnotes":""},"categories":[745],"tags":[],"class_list":["post-447328","post","type-post","status-publish","format-standard","hentry","category-attualita"],"aioseo_notices":[],"_links":{"self":[{"href":"https:\/\/nugnes.com\/index.php?rest_route=\/wp\/v2\/posts\/447328","targetHints":{"allow":["GET"]}}],"collection":[{"href":"https:\/\/nugnes.com\/index.php?rest_route=\/wp\/v2\/posts"}],"about":[{"href":"https:\/\/nugnes.com\/index.php?rest_route=\/wp\/v2\/types\/post"}],"author":[{"embeddable":true,"href":"https:\/\/nugnes.com\/index.php?rest_route=\/wp\/v2\/users\/131"}],"replies":[{"embeddable":true,"href":"https:\/\/nugnes.com\/index.php?rest_route=%2Fwp%2Fv2%2Fcomments&post=447328"}],"version-history":[{"count":1,"href":"https:\/\/nugnes.com\/index.php?rest_route=\/wp\/v2\/posts\/447328\/revisions"}],"predecessor-version":[{"id":447329,"href":"https:\/\/nugnes.com\/index.php?rest_route=\/wp\/v2\/posts\/447328\/revisions\/447329"}],"wp:attachment":[{"href":"https:\/\/nugnes.com\/index.php?rest_route=%2Fwp%2Fv2%2Fmedia&parent=447328"}],"wp:term":[{"taxonomy":"category","embeddable":true,"href":"https:\/\/nugnes.com\/index.php?rest_route=%2Fwp%2Fv2%2Fcategories&post=447328"},{"taxonomy":"post_tag","embeddable":true,"href":"https:\/\/nugnes.com\/index.php?rest_route=%2Fwp%2Fv2%2Ftags&post=447328"}],"curies":[{"name":"wp","href":"https:\/\/api.w.org\/{rel}","templated":true}]}}