{"id":449286,"date":"2023-03-22T15:22:28","date_gmt":"2023-03-22T15:22:28","guid":{"rendered":"https:\/\/www.fanpage.it\/milano\/?p=198740"},"modified":"2023-03-22T15:22:28","modified_gmt":"2023-03-22T15:22:28","slug":"la-scaletta-del-concerto-di-ernia-a-milano-il-22-e-23-marzo-lordine-delle-canzoni","status":"publish","type":"post","link":"https:\/\/nugnes.com\/?p=449286","title":{"rendered":"La scaletta del concerto di Ernia a Milano il 22 e 23 marzo: l&#8217;ordine delle canzoni"},"content":{"rendered":"<img src=\"https:\/\/staticfanpage.akamaized.net\/wp-content\/uploads\/sites\/29\/2022\/09\/ernia-1662371913993-638x425.jpeg\" \/><br \/>Il rapper Ernia si esibir\u00e0 il 22 e 23 marzo 2023 al Forum d'Assago di Milano. Il concerto inizier\u00e0 alle 21. La prima data \u00e8 gi\u00e0 sold out. Ecco la scaletta prevista per le due date.<br \/><a href=\"https:\/\/www.fanpage.it\/milano\/la-scaletta-del-concerto-di-ernia-a-milano-il-22-e-23-marzo-lordine-delle-canzoni\/\">Continua a leggere<\/a>","protected":false},"excerpt":{"rendered":"<p>Il rapper Ernia si esibir\u00e0 il 22 e 23 marzo 2023 al Forum d&#8217;Assago di Milano. Il concerto inizier\u00e0 alle 21. La prima data \u00e8 gi\u00e0 sold out. Ecco la scaletta prevista per le due date.Continua a leggere<\/p>\n","protected":false},"author":208,"featured_media":0,"comment_status":"closed","ping_status":"closed","sticky":false,"template":"","format":"standard","meta":{"om_disable_all_campaigns":false,"_monsterinsights_skip_tracking":false,"_monsterinsights_sitenote_active":false,"_monsterinsights_sitenote_note":"","_monsterinsights_sitenote_category":0,"footnotes":""},"categories":[745,1139],"tags":[],"class_list":["post-449286","post","type-post","status-publish","format-standard","hentry","category-attualita","category-eventi-e-turismo"],"aioseo_notices":[],"_links":{"self":[{"href":"https:\/\/nugnes.com\/index.php?rest_route=\/wp\/v2\/posts\/449286","targetHints":{"allow":["GET"]}}],"collection":[{"href":"https:\/\/nugnes.com\/index.php?rest_route=\/wp\/v2\/posts"}],"about":[{"href":"https:\/\/nugnes.com\/index.php?rest_route=\/wp\/v2\/types\/post"}],"author":[{"embeddable":true,"href":"https:\/\/nugnes.com\/index.php?rest_route=\/wp\/v2\/users\/208"}],"replies":[{"embeddable":true,"href":"https:\/\/nugnes.com\/index.php?rest_route=%2Fwp%2Fv2%2Fcomments&post=449286"}],"version-history":[{"count":1,"href":"https:\/\/nugnes.com\/index.php?rest_route=\/wp\/v2\/posts\/449286\/revisions"}],"predecessor-version":[{"id":449287,"href":"https:\/\/nugnes.com\/index.php?rest_route=\/wp\/v2\/posts\/449286\/revisions\/449287"}],"wp:attachment":[{"href":"https:\/\/nugnes.com\/index.php?rest_route=%2Fwp%2Fv2%2Fmedia&parent=449286"}],"wp:term":[{"taxonomy":"category","embeddable":true,"href":"https:\/\/nugnes.com\/index.php?rest_route=%2Fwp%2Fv2%2Fcategories&post=449286"},{"taxonomy":"post_tag","embeddable":true,"href":"https:\/\/nugnes.com\/index.php?rest_route=%2Fwp%2Fv2%2Ftags&post=449286"}],"curies":[{"name":"wp","href":"https:\/\/api.w.org\/{rel}","templated":true}]}}