{"id":451568,"date":"2023-03-27T10:30:52","date_gmt":"2023-03-27T10:30:52","guid":{"rendered":"https:\/\/www.fanpage.it\/roma\/?p=652221"},"modified":"2023-03-27T10:30:52","modified_gmt":"2023-03-27T10:30:52","slug":"a-pasqua-la-solidarieta-riparte-dal-centro-italia","status":"publish","type":"post","link":"https:\/\/nugnes.com\/?p=451568","title":{"rendered":"A Pasqua la solidariet\u00e0 riparte dal centro Italia"},"content":{"rendered":"<img src=\"https:\/\/staticfanpage.akamaized.net\/wp-content\/uploads\/sites\/28\/2023\/03\/CLAI-img-copertina-638x425.jpg\" \/><br \/>I prezzi degli alimenti di prima necessit\u00e0 continuano ad aumentare mentre le famiglie incontrano sempre pi\u00f9 difficolt\u00e0 nel far quadrare il bilancio. Secondo il Rapporto Istat 2021 sono 1,9 milioni le famiglie italiane che vivono in povert\u00e0 assoluta. Per supportarle serve l\u2019aiuto di tutti: un\u2019idea solidale \u00e8 partita a marzo dal centro Italia, diventa filiera di \u201ccose buone\u201d e raggiunge Roma attraverso la Comunit\u00e0 di Sant\u2019Egidio, la onlus che da sempre \u00e8 dalla parte dei poveri.<br \/><a href=\"https:\/\/www.fanpage.it\/roma\/a-pasqua-la-solidarieta-riparte-dal-centro-italia\/\">Continua a leggere<\/a>","protected":false},"excerpt":{"rendered":"<p>I prezzi degli alimenti di prima necessit\u00e0 continuano ad aumentare mentre le famiglie incontrano sempre pi\u00f9 difficolt\u00e0 nel far quadrare il bilancio. Secondo il Rapporto Istat 2021 sono 1,9 milioni le famiglie italiane che vivono in povert\u00e0 assoluta. Pe&#8230;<\/p>\n","protected":false},"author":105,"featured_media":0,"comment_status":"closed","ping_status":"closed","sticky":false,"template":"","format":"standard","meta":{"om_disable_all_campaigns":false,"_monsterinsights_skip_tracking":false,"_monsterinsights_sitenote_active":false,"_monsterinsights_sitenote_note":"","_monsterinsights_sitenote_category":0,"footnotes":""},"categories":[872,1473],"tags":[],"class_list":["post-451568","post","type-post","status-publish","format-standard","hentry","category-ciaopeople-studios","category-clai"],"aioseo_notices":[],"_links":{"self":[{"href":"https:\/\/nugnes.com\/index.php?rest_route=\/wp\/v2\/posts\/451568","targetHints":{"allow":["GET"]}}],"collection":[{"href":"https:\/\/nugnes.com\/index.php?rest_route=\/wp\/v2\/posts"}],"about":[{"href":"https:\/\/nugnes.com\/index.php?rest_route=\/wp\/v2\/types\/post"}],"author":[{"embeddable":true,"href":"https:\/\/nugnes.com\/index.php?rest_route=\/wp\/v2\/users\/105"}],"replies":[{"embeddable":true,"href":"https:\/\/nugnes.com\/index.php?rest_route=%2Fwp%2Fv2%2Fcomments&post=451568"}],"version-history":[{"count":1,"href":"https:\/\/nugnes.com\/index.php?rest_route=\/wp\/v2\/posts\/451568\/revisions"}],"predecessor-version":[{"id":451569,"href":"https:\/\/nugnes.com\/index.php?rest_route=\/wp\/v2\/posts\/451568\/revisions\/451569"}],"wp:attachment":[{"href":"https:\/\/nugnes.com\/index.php?rest_route=%2Fwp%2Fv2%2Fmedia&parent=451568"}],"wp:term":[{"taxonomy":"category","embeddable":true,"href":"https:\/\/nugnes.com\/index.php?rest_route=%2Fwp%2Fv2%2Fcategories&post=451568"},{"taxonomy":"post_tag","embeddable":true,"href":"https:\/\/nugnes.com\/index.php?rest_route=%2Fwp%2Fv2%2Ftags&post=451568"}],"curies":[{"name":"wp","href":"https:\/\/api.w.org\/{rel}","templated":true}]}}