{"id":453926,"date":"2023-03-31T17:11:16","date_gmt":"2023-03-31T17:11:16","guid":{"rendered":"https:\/\/www.fanpage.it\/?p=1835576"},"modified":"2023-03-31T17:11:16","modified_gmt":"2023-03-31T17:11:16","slug":"trump-incriminato-si-consegnera-martedi-pomeriggio-a-new-york-ma-niente-manette","status":"publish","type":"post","link":"https:\/\/nugnes.com\/?p=453926","title":{"rendered":"Trump incriminato si consegner\u00e0 marted\u00ec pomeriggio a New York ma niente manette"},"content":{"rendered":"<img src=\"https:\/\/staticfanpage.akamaized.net\/wp-content\/uploads\/2022\/08\/Trump-parla-1660025372319-300x225.jpg\" \/><br \/>Fissata per le 14:15 di marted\u00ec 4 aprile, ora di New York, l'udienza in tribunale per l'incriminazione dell'ex presidente Donald Trump. \"Trump non sar\u00e0 ammanettato quando si consegner\u00e0 e si dichiarer\u00e0 non colpevole\" ha dichiarato il suo avvocato difensore.<br \/><a href=\"https:\/\/www.fanpage.it\/esteri\/trump-incriminato-si-congegnera-martedi-pomeriggio-a-new-york-ma-niente-manette\/\">Continua a leggere<\/a>","protected":false},"excerpt":{"rendered":"<p>Fissata per le 14:15 di marted\u00ec 4 aprile, ora di New York, l&#8217;udienza in tribunale per l&#8217;incriminazione dell&#8217;ex presidente Donald Trump. &#8220;Trump non sar\u00e0 ammanettato quando si consegner\u00e0 e si dichiarer\u00e0 non colpevole&#8221; ha dichiarato il suo avvocato difens&#8230;<\/p>\n","protected":false},"author":120,"featured_media":0,"comment_status":"closed","ping_status":"closed","sticky":false,"template":"","format":"standard","meta":{"om_disable_all_campaigns":false,"_monsterinsights_skip_tracking":false,"_monsterinsights_sitenote_active":false,"_monsterinsights_sitenote_note":"","_monsterinsights_sitenote_category":0,"footnotes":""},"categories":[20],"tags":[],"class_list":["post-453926","post","type-post","status-publish","format-standard","hentry","category-esteri"],"aioseo_notices":[],"_links":{"self":[{"href":"https:\/\/nugnes.com\/index.php?rest_route=\/wp\/v2\/posts\/453926","targetHints":{"allow":["GET"]}}],"collection":[{"href":"https:\/\/nugnes.com\/index.php?rest_route=\/wp\/v2\/posts"}],"about":[{"href":"https:\/\/nugnes.com\/index.php?rest_route=\/wp\/v2\/types\/post"}],"author":[{"embeddable":true,"href":"https:\/\/nugnes.com\/index.php?rest_route=\/wp\/v2\/users\/120"}],"replies":[{"embeddable":true,"href":"https:\/\/nugnes.com\/index.php?rest_route=%2Fwp%2Fv2%2Fcomments&post=453926"}],"version-history":[{"count":1,"href":"https:\/\/nugnes.com\/index.php?rest_route=\/wp\/v2\/posts\/453926\/revisions"}],"predecessor-version":[{"id":453927,"href":"https:\/\/nugnes.com\/index.php?rest_route=\/wp\/v2\/posts\/453926\/revisions\/453927"}],"wp:attachment":[{"href":"https:\/\/nugnes.com\/index.php?rest_route=%2Fwp%2Fv2%2Fmedia&parent=453926"}],"wp:term":[{"taxonomy":"category","embeddable":true,"href":"https:\/\/nugnes.com\/index.php?rest_route=%2Fwp%2Fv2%2Fcategories&post=453926"},{"taxonomy":"post_tag","embeddable":true,"href":"https:\/\/nugnes.com\/index.php?rest_route=%2Fwp%2Fv2%2Ftags&post=453926"}],"curies":[{"name":"wp","href":"https:\/\/api.w.org\/{rel}","templated":true}]}}