{"id":459595,"date":"2023-04-13T16:51:29","date_gmt":"2023-04-13T16:51:29","guid":{"rendered":"https:\/\/www.fanpage.it\/milano\/?p=202482"},"modified":"2023-04-13T16:51:29","modified_gmt":"2023-04-13T16:51:29","slug":"maltempo-a-milano-scatta-lallerta-meteo-per-vento-forte-attenzione-ai-vasi-sui-balconi","status":"publish","type":"post","link":"https:\/\/nugnes.com\/?p=459595","title":{"rendered":"Maltempo a Milano, scatta l&#8217;allerta meteo per vento forte: &#8220;Attenzione ai vasi sui balconi&#8221;"},"content":{"rendered":"<img src=\"https:\/\/staticfanpage.akamaized.net\/wp-content\/uploads\/sites\/29\/2021\/12\/milano-pioggia-maltempo-neve-freddo-allerta-meteo-1640354554468-638x425.jpg\" \/><br \/>\u00c8 scattata l'allerta meteo per la Lombardia e per la citt\u00e0 di Milano per maltempo e vento forte, prevista per tutta la giornata di oggi gioved\u00ec 13 aprile.\u00a0\"Si raccomanda di non sostare sotto gli alberi, e di mettere in sicurezza vasi e oggetti sui balconi\", la nota del Comune. Temperature in netto calo.<br \/><a href=\"https:\/\/www.fanpage.it\/milano\/maltempo-a-milano-scatta-lallerta-meteo-per-vento-forte-attenzione-ai-vasi-sui-balconi\/\">Continua a leggere<\/a>","protected":false},"excerpt":{"rendered":"<p>\u00c8 scattata l&#8217;allerta meteo per la Lombardia e per la citt\u00e0 di Milano per maltempo e vento forte, prevista per tutta la giornata di oggi gioved\u00ec 13 aprile.\u00a0&#8220;Si raccomanda di non sostare sotto gli alberi, e di mettere in sicurezza vasi e oggetti sui balc&#8230;<\/p>\n","protected":false},"author":296,"featured_media":0,"comment_status":"closed","ping_status":"closed","sticky":false,"template":"","format":"standard","meta":{"om_disable_all_campaigns":false,"_monsterinsights_skip_tracking":false,"_monsterinsights_sitenote_active":false,"_monsterinsights_sitenote_note":"","_monsterinsights_sitenote_category":0,"footnotes":""},"categories":[745,10,1380],"tags":[],"class_list":["post-459595","post","type-post","status-publish","format-standard","hentry","category-attualita","category-cronaca","category-previsioni-meteo-milano-oggi-domani-e-nei-weekend"],"aioseo_notices":[],"_links":{"self":[{"href":"https:\/\/nugnes.com\/index.php?rest_route=\/wp\/v2\/posts\/459595","targetHints":{"allow":["GET"]}}],"collection":[{"href":"https:\/\/nugnes.com\/index.php?rest_route=\/wp\/v2\/posts"}],"about":[{"href":"https:\/\/nugnes.com\/index.php?rest_route=\/wp\/v2\/types\/post"}],"author":[{"embeddable":true,"href":"https:\/\/nugnes.com\/index.php?rest_route=\/wp\/v2\/users\/296"}],"replies":[{"embeddable":true,"href":"https:\/\/nugnes.com\/index.php?rest_route=%2Fwp%2Fv2%2Fcomments&post=459595"}],"version-history":[{"count":1,"href":"https:\/\/nugnes.com\/index.php?rest_route=\/wp\/v2\/posts\/459595\/revisions"}],"predecessor-version":[{"id":459596,"href":"https:\/\/nugnes.com\/index.php?rest_route=\/wp\/v2\/posts\/459595\/revisions\/459596"}],"wp:attachment":[{"href":"https:\/\/nugnes.com\/index.php?rest_route=%2Fwp%2Fv2%2Fmedia&parent=459595"}],"wp:term":[{"taxonomy":"category","embeddable":true,"href":"https:\/\/nugnes.com\/index.php?rest_route=%2Fwp%2Fv2%2Fcategories&post=459595"},{"taxonomy":"post_tag","embeddable":true,"href":"https:\/\/nugnes.com\/index.php?rest_route=%2Fwp%2Fv2%2Ftags&post=459595"}],"curies":[{"name":"wp","href":"https:\/\/api.w.org\/{rel}","templated":true}]}}