{"id":459660,"date":"2023-04-13T17:29:08","date_gmt":"2023-04-13T17:29:08","guid":{"rendered":"https:\/\/www.fanpage.it\/spettacolo\/?p=145019"},"modified":"2023-04-13T17:29:08","modified_gmt":"2023-04-13T17:29:08","slug":"perche-massimo-giletti-non-condurra-piu-non-e-larena-su-la7-e-il-programma-e-stato-sospeso","status":"publish","type":"post","link":"https:\/\/nugnes.com\/?p=459660","title":{"rendered":"Perch\u00e9 Massimo Giletti non condurr\u00e0 pi\u00f9 Non \u00e8 l\u2019Arena su La7 e il programma \u00e8 stato sospeso"},"content":{"rendered":"<img src=\"https:\/\/staticfanpage.akamaized.net\/wp-content\/uploads\/sites\/25\/2023\/04\/nonelarenagilettimotivi.jpg\" \/><br \/>La7 comunica la sospensione di Non \u00e8 l\u2019Arena, talk affidato a Massimo Giletti. Numerose le indiscrezioni a proposito dei motivi che avrebbero condotto Urbano Cairo a interrompere il rapporto con il giornalista: dai contatti con la Rai alle modalit\u00e0 che avrebbero permesso di portare in tv l\u2019intervista a Salvatore Baiardo. Intanto, il giornalista smentisce la perquisizione.<br \/><a href=\"https:\/\/www.fanpage.it\/spettacolo\/programmi-tv\/perche-massimo-giletti-non-condurra-piu-non-e-larena-su-la7-e-il-programma-e-stato-sospeso\/\">Continua a leggere<\/a>","protected":false},"excerpt":{"rendered":"<p>La7 comunica la sospensione di Non \u00e8 l\u2019Arena, talk affidato a Massimo Giletti. Numerose le indiscrezioni a proposito dei motivi che avrebbero condotto Urbano Cairo a interrompere il rapporto con il giornalista: dai contatti con la Rai alle modalit\u00e0 che&#8230;<\/p>\n","protected":false},"author":118,"featured_media":0,"comment_status":"closed","ping_status":"closed","sticky":false,"template":"","format":"standard","meta":{"om_disable_all_campaigns":false,"_monsterinsights_skip_tracking":false,"_monsterinsights_sitenote_active":false,"_monsterinsights_sitenote_note":"","_monsterinsights_sitenote_category":0,"footnotes":""},"categories":[752],"tags":[],"class_list":["post-459660","post","type-post","status-publish","format-standard","hentry","category-programmi-tv"],"aioseo_notices":[],"_links":{"self":[{"href":"https:\/\/nugnes.com\/index.php?rest_route=\/wp\/v2\/posts\/459660","targetHints":{"allow":["GET"]}}],"collection":[{"href":"https:\/\/nugnes.com\/index.php?rest_route=\/wp\/v2\/posts"}],"about":[{"href":"https:\/\/nugnes.com\/index.php?rest_route=\/wp\/v2\/types\/post"}],"author":[{"embeddable":true,"href":"https:\/\/nugnes.com\/index.php?rest_route=\/wp\/v2\/users\/118"}],"replies":[{"embeddable":true,"href":"https:\/\/nugnes.com\/index.php?rest_route=%2Fwp%2Fv2%2Fcomments&post=459660"}],"version-history":[{"count":1,"href":"https:\/\/nugnes.com\/index.php?rest_route=\/wp\/v2\/posts\/459660\/revisions"}],"predecessor-version":[{"id":459661,"href":"https:\/\/nugnes.com\/index.php?rest_route=\/wp\/v2\/posts\/459660\/revisions\/459661"}],"wp:attachment":[{"href":"https:\/\/nugnes.com\/index.php?rest_route=%2Fwp%2Fv2%2Fmedia&parent=459660"}],"wp:term":[{"taxonomy":"category","embeddable":true,"href":"https:\/\/nugnes.com\/index.php?rest_route=%2Fwp%2Fv2%2Fcategories&post=459660"},{"taxonomy":"post_tag","embeddable":true,"href":"https:\/\/nugnes.com\/index.php?rest_route=%2Fwp%2Fv2%2Ftags&post=459660"}],"curies":[{"name":"wp","href":"https:\/\/api.w.org\/{rel}","templated":true}]}}