{"id":461218,"date":"2023-04-17T14:24:46","date_gmt":"2023-04-17T14:24:46","guid":{"rendered":"https:\/\/www.fanpage.it\/?p=1844803"},"modified":"2023-04-17T14:24:46","modified_gmt":"2023-04-17T14:24:46","slug":"linflazione-fa-aumentare-anche-gli-affitti-la-classifica-delle-citta-dove-salgono-di-piu","status":"publish","type":"post","link":"https:\/\/nugnes.com\/?p=461218","title":{"rendered":"L&#8217;inflazione fa aumentare anche gli affitti: la classifica delle citt\u00e0 dove salgono di pi\u00f9"},"content":{"rendered":"<img src=\"https:\/\/staticfanpage.akamaized.net\/wp-content\/uploads\/2017\/10\/803481-affitti-1508426015275-300x225.jpg\" \/><br \/>Secondo il centro studi di Idealista, chi fa la revisione del suo contratto d'affitto a marzo avr\u00e0 in media un aumento di 44 euro al mese. L'aumento pi\u00f9 forte a Milano, il pi\u00f9 basso a Torino. La ricerca si basa sugli ultimi dati Istat sull'inflazione, aggiornati a marzo 2023.<br \/><a href=\"https:\/\/www.fanpage.it\/politica\/linflazione-fa-aumentare-anche-gli-affitti-la-classifica-delle-citta-dove-salgono-di-piu\/\">Continua a leggere<\/a>","protected":false},"excerpt":{"rendered":"<p>Secondo il centro studi di Idealista, chi fa la revisione del suo contratto d&#8217;affitto a marzo avr\u00e0 in media un aumento di 44 euro al mese. L&#8217;aumento pi\u00f9 forte a Milano, il pi\u00f9 basso a Torino. La ricerca si basa sugli ultimi dati Istat sull&#8217;inflazione, &#8230;<\/p>\n","protected":false},"author":425,"featured_media":0,"comment_status":"closed","ping_status":"closed","sticky":false,"template":"","format":"standard","meta":{"om_disable_all_campaigns":false,"_monsterinsights_skip_tracking":false,"_monsterinsights_sitenote_active":false,"_monsterinsights_sitenote_note":"","_monsterinsights_sitenote_category":0,"footnotes":""},"categories":[748],"tags":[],"class_list":["post-461218","post","type-post","status-publish","format-standard","hentry","category-politica-italiana"],"aioseo_notices":[],"_links":{"self":[{"href":"https:\/\/nugnes.com\/index.php?rest_route=\/wp\/v2\/posts\/461218","targetHints":{"allow":["GET"]}}],"collection":[{"href":"https:\/\/nugnes.com\/index.php?rest_route=\/wp\/v2\/posts"}],"about":[{"href":"https:\/\/nugnes.com\/index.php?rest_route=\/wp\/v2\/types\/post"}],"author":[{"embeddable":true,"href":"https:\/\/nugnes.com\/index.php?rest_route=\/wp\/v2\/users\/425"}],"replies":[{"embeddable":true,"href":"https:\/\/nugnes.com\/index.php?rest_route=%2Fwp%2Fv2%2Fcomments&post=461218"}],"version-history":[{"count":1,"href":"https:\/\/nugnes.com\/index.php?rest_route=\/wp\/v2\/posts\/461218\/revisions"}],"predecessor-version":[{"id":461219,"href":"https:\/\/nugnes.com\/index.php?rest_route=\/wp\/v2\/posts\/461218\/revisions\/461219"}],"wp:attachment":[{"href":"https:\/\/nugnes.com\/index.php?rest_route=%2Fwp%2Fv2%2Fmedia&parent=461218"}],"wp:term":[{"taxonomy":"category","embeddable":true,"href":"https:\/\/nugnes.com\/index.php?rest_route=%2Fwp%2Fv2%2Fcategories&post=461218"},{"taxonomy":"post_tag","embeddable":true,"href":"https:\/\/nugnes.com\/index.php?rest_route=%2Fwp%2Fv2%2Ftags&post=461218"}],"curies":[{"name":"wp","href":"https:\/\/api.w.org\/{rel}","templated":true}]}}