{"id":461285,"date":"2023-04-17T15:11:37","date_gmt":"2023-04-17T15:11:37","guid":{"rendered":"https:\/\/www.fanpage.it\/napoli\/?p=265922"},"modified":"2023-04-17T15:11:37","modified_gmt":"2023-04-17T15:11:37","slug":"la-storia-di-stefano-ciccarelli-sordo-e-cieco-presto-diventera-giornalista-professionista","status":"publish","type":"post","link":"https:\/\/nugnes.com\/?p=461285","title":{"rendered":"La storia di Stefano Ciccarelli, sordo e cieco: presto diventer\u00e0 giornalista professionista"},"content":{"rendered":"<img src=\"https:\/\/staticfanpage.akamaized.net\/wp-content\/uploads\/sites\/30\/2023\/04\/stefano-ciccarelli-1681746384421-300x225.jpg\" \/><br \/>Il giovane, originario di Castel Volturno, non si \u00e8 lasciato abbattere dalle sue disabilit\u00e0: dopo la laurea in Giurisprudenza, ha frequentato il master in Giornalismo e presto diventer\u00e0 professionista.<br \/><a href=\"https:\/\/www.fanpage.it\/napoli\/la-storia-di-stefano-ciccarelli-sordo-e-cieco-presto-diventera-giornalista-professionista\/\">Continua a leggere<\/a>","protected":false},"excerpt":{"rendered":"<p>Il giovane, originario di Castel Volturno, non si \u00e8 lasciato abbattere dalle sue disabilit\u00e0: dopo la laurea in Giurisprudenza, ha frequentato il master in Giornalismo e presto diventer\u00e0 professionista.Continua a leggere<\/p>\n","protected":false},"author":122,"featured_media":0,"comment_status":"closed","ping_status":"closed","sticky":false,"template":"","format":"standard","meta":{"om_disable_all_campaigns":false,"_monsterinsights_skip_tracking":false,"_monsterinsights_sitenote_active":false,"_monsterinsights_sitenote_note":"","_monsterinsights_sitenote_category":0,"footnotes":""},"categories":[745,839],"tags":[],"class_list":["post-461285","post","type-post","status-publish","format-standard","hentry","category-attualita","category-caserta"],"aioseo_notices":[],"_links":{"self":[{"href":"https:\/\/nugnes.com\/index.php?rest_route=\/wp\/v2\/posts\/461285","targetHints":{"allow":["GET"]}}],"collection":[{"href":"https:\/\/nugnes.com\/index.php?rest_route=\/wp\/v2\/posts"}],"about":[{"href":"https:\/\/nugnes.com\/index.php?rest_route=\/wp\/v2\/types\/post"}],"author":[{"embeddable":true,"href":"https:\/\/nugnes.com\/index.php?rest_route=\/wp\/v2\/users\/122"}],"replies":[{"embeddable":true,"href":"https:\/\/nugnes.com\/index.php?rest_route=%2Fwp%2Fv2%2Fcomments&post=461285"}],"version-history":[{"count":1,"href":"https:\/\/nugnes.com\/index.php?rest_route=\/wp\/v2\/posts\/461285\/revisions"}],"predecessor-version":[{"id":461286,"href":"https:\/\/nugnes.com\/index.php?rest_route=\/wp\/v2\/posts\/461285\/revisions\/461286"}],"wp:attachment":[{"href":"https:\/\/nugnes.com\/index.php?rest_route=%2Fwp%2Fv2%2Fmedia&parent=461285"}],"wp:term":[{"taxonomy":"category","embeddable":true,"href":"https:\/\/nugnes.com\/index.php?rest_route=%2Fwp%2Fv2%2Fcategories&post=461285"},{"taxonomy":"post_tag","embeddable":true,"href":"https:\/\/nugnes.com\/index.php?rest_route=%2Fwp%2Fv2%2Ftags&post=461285"}],"curies":[{"name":"wp","href":"https:\/\/api.w.org\/{rel}","templated":true}]}}