{"id":461335,"date":"2023-04-17T16:08:55","date_gmt":"2023-04-17T16:08:55","guid":{"rendered":"https:\/\/www.fanpage.it\/?p=1844910"},"modified":"2023-04-17T16:08:55","modified_gmt":"2023-04-17T16:08:55","slug":"il-presidente-mattarella-dice-che-litalia-sosterra-militarmente-lucraina-finche-sara-necessario","status":"publish","type":"post","link":"https:\/\/nugnes.com\/?p=461335","title":{"rendered":"Il Presidente Mattarella dice che l&#8217;Italia sosterr\u00e0 militarmente l&#8217;Ucraina finch\u00e9 sar\u00e0 necessario"},"content":{"rendered":"<img src=\"https:\/\/staticfanpage.akamaized.net\/wp-content\/uploads\/2023\/04\/mattarella-polonia-300x225.jpg\" \/><br \/>Il capo dello Stato, durante una visita in Polonia, \u00e8 tornato a parlare della guerra in Ucraina: \"Sosterremo Kiev finch\u00e9 \u00e8 necessario, sotto ogni profilo - ha detto Mattarella - di forniture militari, finanziario, umanitario, per la ricostruzione del Paese\". Questo perch\u00e9 la guerra \"non riguarda solo l'Ucraina, ma tutti i Paesi che si richiamano alla libert\u00e0 delle persone e dei popoli\".<br \/><a href=\"https:\/\/www.fanpage.it\/politica\/il-presidente-mattarella-dice-che-litalia-sosterra-militarmente-lucraina-finche-sara-necessario\/\">Continua a leggere<\/a>","protected":false},"excerpt":{"rendered":"<p>Il capo dello Stato, durante una visita in Polonia, \u00e8 tornato a parlare della guerra in Ucraina: &#8220;Sosterremo Kiev finch\u00e9 \u00e8 necessario, sotto ogni profilo &#8211; ha detto Mattarella &#8211; di forniture militari, finanziario, umanitario, per la ricostruzione del P&#8230;<\/p>\n","protected":false},"author":187,"featured_media":0,"comment_status":"closed","ping_status":"closed","sticky":false,"template":"","format":"standard","meta":{"om_disable_all_campaigns":false,"_monsterinsights_skip_tracking":false,"_monsterinsights_sitenote_active":false,"_monsterinsights_sitenote_note":"","_monsterinsights_sitenote_category":0,"footnotes":""},"categories":[748],"tags":[],"class_list":["post-461335","post","type-post","status-publish","format-standard","hentry","category-politica-italiana"],"aioseo_notices":[],"_links":{"self":[{"href":"https:\/\/nugnes.com\/index.php?rest_route=\/wp\/v2\/posts\/461335","targetHints":{"allow":["GET"]}}],"collection":[{"href":"https:\/\/nugnes.com\/index.php?rest_route=\/wp\/v2\/posts"}],"about":[{"href":"https:\/\/nugnes.com\/index.php?rest_route=\/wp\/v2\/types\/post"}],"author":[{"embeddable":true,"href":"https:\/\/nugnes.com\/index.php?rest_route=\/wp\/v2\/users\/187"}],"replies":[{"embeddable":true,"href":"https:\/\/nugnes.com\/index.php?rest_route=%2Fwp%2Fv2%2Fcomments&post=461335"}],"version-history":[{"count":1,"href":"https:\/\/nugnes.com\/index.php?rest_route=\/wp\/v2\/posts\/461335\/revisions"}],"predecessor-version":[{"id":461336,"href":"https:\/\/nugnes.com\/index.php?rest_route=\/wp\/v2\/posts\/461335\/revisions\/461336"}],"wp:attachment":[{"href":"https:\/\/nugnes.com\/index.php?rest_route=%2Fwp%2Fv2%2Fmedia&parent=461335"}],"wp:term":[{"taxonomy":"category","embeddable":true,"href":"https:\/\/nugnes.com\/index.php?rest_route=%2Fwp%2Fv2%2Fcategories&post=461335"},{"taxonomy":"post_tag","embeddable":true,"href":"https:\/\/nugnes.com\/index.php?rest_route=%2Fwp%2Fv2%2Ftags&post=461335"}],"curies":[{"name":"wp","href":"https:\/\/api.w.org\/{rel}","templated":true}]}}