{"id":470044,"date":"2023-05-07T13:37:54","date_gmt":"2023-05-07T13:37:54","guid":{"rendered":"https:\/\/www.fanpage.it\/?p=1855969"},"modified":"2023-05-07T13:37:54","modified_gmt":"2023-05-07T13:37:54","slug":"abbiamo-manifestato-contro-il-rigassificatore-di-ravenna-che-vogliono-tutti-dal-pd-a-fdi","status":"publish","type":"post","link":"https:\/\/nugnes.com\/?p=470044","title":{"rendered":"Abbiamo manifestato contro il rigassificatore di Ravenna, che vogliono tutti dal Pd a Fdi"},"content":{"rendered":"<img src=\"https:\/\/staticfanpage.akamaized.net\/wp-content\/uploads\/2023\/05\/manifestazione-ravenna-638x425.jpeg\" \/><br \/>Anna Fedriga \u00e8 un'attivista di Fridays For Future di Ravenna. Qui racconta perch\u00e9 ieri ha manifestato insieme a tante e tanti contro il rigassificatore in corso di costruzione nella sua citt\u00e0. \"In questa pianura inquinata e arsa dalla siccit\u00e0 che futuro, che lavoro, che economia, che benessere possiamo immaginarci?\".<br \/><a href=\"https:\/\/www.fanpage.it\/politica\/abbiamo-manifestato-contro-il-rigassificatore-di-ravenna-che-vogliono-tutti-dal-pd-a-fdi\/\">Continua a leggere<\/a>","protected":false},"excerpt":{"rendered":"<p>Anna Fedriga \u00e8 un&#8217;attivista di Fridays For Future di Ravenna. Qui racconta perch\u00e9 ieri ha manifestato insieme a tante e tanti contro il rigassificatore in corso di costruzione nella sua citt\u00e0. &#8220;In questa pianura inquinata e arsa dalla siccit\u00e0 che futur&#8230;<\/p>\n","protected":false},"author":520,"featured_media":0,"comment_status":"closed","ping_status":"closed","sticky":false,"template":"","format":"standard","meta":{"om_disable_all_campaigns":false,"_monsterinsights_skip_tracking":false,"_monsterinsights_sitenote_active":false,"_monsterinsights_sitenote_note":"","_monsterinsights_sitenote_category":0,"footnotes":""},"categories":[748],"tags":[],"class_list":["post-470044","post","type-post","status-publish","format-standard","hentry","category-politica-italiana"],"aioseo_notices":[],"_links":{"self":[{"href":"https:\/\/nugnes.com\/index.php?rest_route=\/wp\/v2\/posts\/470044","targetHints":{"allow":["GET"]}}],"collection":[{"href":"https:\/\/nugnes.com\/index.php?rest_route=\/wp\/v2\/posts"}],"about":[{"href":"https:\/\/nugnes.com\/index.php?rest_route=\/wp\/v2\/types\/post"}],"author":[{"embeddable":true,"href":"https:\/\/nugnes.com\/index.php?rest_route=\/wp\/v2\/users\/520"}],"replies":[{"embeddable":true,"href":"https:\/\/nugnes.com\/index.php?rest_route=%2Fwp%2Fv2%2Fcomments&post=470044"}],"version-history":[{"count":1,"href":"https:\/\/nugnes.com\/index.php?rest_route=\/wp\/v2\/posts\/470044\/revisions"}],"predecessor-version":[{"id":470045,"href":"https:\/\/nugnes.com\/index.php?rest_route=\/wp\/v2\/posts\/470044\/revisions\/470045"}],"wp:attachment":[{"href":"https:\/\/nugnes.com\/index.php?rest_route=%2Fwp%2Fv2%2Fmedia&parent=470044"}],"wp:term":[{"taxonomy":"category","embeddable":true,"href":"https:\/\/nugnes.com\/index.php?rest_route=%2Fwp%2Fv2%2Fcategories&post=470044"},{"taxonomy":"post_tag","embeddable":true,"href":"https:\/\/nugnes.com\/index.php?rest_route=%2Fwp%2Fv2%2Ftags&post=470044"}],"curies":[{"name":"wp","href":"https:\/\/api.w.org\/{rel}","templated":true}]}}