{"id":474872,"date":"2023-05-17T09:54:47","date_gmt":"2023-05-17T09:54:47","guid":{"rendered":"https:\/\/www.fanpage.it\/milano\/?p=208125"},"modified":"2023-05-17T09:54:47","modified_gmt":"2023-05-17T09:54:47","slug":"chi-puo-fare-davvero-qualcosa-contro-il-caro-affitti-a-milano-fra-comune-regione-e-governo","status":"publish","type":"post","link":"https:\/\/nugnes.com\/?p=474872","title":{"rendered":"Chi pu\u00f2 fare davvero qualcosa contro il caro affitti a Milano fra Comune, Regione e Governo"},"content":{"rendered":"<img src=\"https:\/\/staticfanpage.akamaized.net\/wp-content\/uploads\/sites\/29\/2023\/05\/ipiccy_image-2-2-638x425.jpg\" \/><br \/>Il tavolo con Beppe Sala a Palazzo Marino, i picchetti davanti al Ministero dell'Universit\u00e0 a Roma e alla sede di Regione Lombardia a Milano: la protesta studentesca delle tende contro il caro affitti sta coinvolgendo ogni ente governativo possibile, dai Comuni al governo. Ma di chi \u00e8 davvero la responsabilit\u00e0, e chi pu\u00f2 cambiare realmente le carte in tavola?<br \/><a href=\"https:\/\/www.fanpage.it\/milano\/chi-puo-fare-davvero-qualcosa-contro-il-caro-affitti-a-milano-fra-comune-regione-e-governo\/\">Continua a leggere<\/a>","protected":false},"excerpt":{"rendered":"<p>Il tavolo con Beppe Sala a Palazzo Marino, i picchetti davanti al Ministero dell&#8217;Universit\u00e0 a Roma e alla sede di Regione Lombardia a Milano: la protesta studentesca delle tende contro il caro affitti sta coinvolgendo ogni ente governativo possibile, d&#8230;<\/p>\n","protected":false},"author":296,"featured_media":0,"comment_status":"closed","ping_status":"closed","sticky":false,"template":"","format":"standard","meta":{"om_disable_all_campaigns":false,"_monsterinsights_skip_tracking":false,"_monsterinsights_sitenote_active":false,"_monsterinsights_sitenote_note":"","_monsterinsights_sitenote_category":0,"footnotes":""},"categories":[745,10],"tags":[],"class_list":["post-474872","post","type-post","status-publish","format-standard","hentry","category-attualita","category-cronaca"],"aioseo_notices":[],"_links":{"self":[{"href":"https:\/\/nugnes.com\/index.php?rest_route=\/wp\/v2\/posts\/474872","targetHints":{"allow":["GET"]}}],"collection":[{"href":"https:\/\/nugnes.com\/index.php?rest_route=\/wp\/v2\/posts"}],"about":[{"href":"https:\/\/nugnes.com\/index.php?rest_route=\/wp\/v2\/types\/post"}],"author":[{"embeddable":true,"href":"https:\/\/nugnes.com\/index.php?rest_route=\/wp\/v2\/users\/296"}],"replies":[{"embeddable":true,"href":"https:\/\/nugnes.com\/index.php?rest_route=%2Fwp%2Fv2%2Fcomments&post=474872"}],"version-history":[{"count":1,"href":"https:\/\/nugnes.com\/index.php?rest_route=\/wp\/v2\/posts\/474872\/revisions"}],"predecessor-version":[{"id":474873,"href":"https:\/\/nugnes.com\/index.php?rest_route=\/wp\/v2\/posts\/474872\/revisions\/474873"}],"wp:attachment":[{"href":"https:\/\/nugnes.com\/index.php?rest_route=%2Fwp%2Fv2%2Fmedia&parent=474872"}],"wp:term":[{"taxonomy":"category","embeddable":true,"href":"https:\/\/nugnes.com\/index.php?rest_route=%2Fwp%2Fv2%2Fcategories&post=474872"},{"taxonomy":"post_tag","embeddable":true,"href":"https:\/\/nugnes.com\/index.php?rest_route=%2Fwp%2Fv2%2Ftags&post=474872"}],"curies":[{"name":"wp","href":"https:\/\/api.w.org\/{rel}","templated":true}]}}