{"id":474874,"date":"2023-05-17T09:43:44","date_gmt":"2023-05-17T09:43:44","guid":{"rendered":"https:\/\/www.fanpage.it\/spettacolo\/?p=155192"},"modified":"2023-05-17T09:43:44","modified_gmt":"2023-05-17T09:43:44","slug":"alessandra-demichelis-sospesa-per-le-foto-social-gogna-mediatica-nei-confronti-delle-donne-e-terribile","status":"publish","type":"post","link":"https:\/\/nugnes.com\/?p=474874","title":{"rendered":"Alessandra Demichelis sospesa per le foto social: &#8220;Gogna mediatica nei confronti delle donne \u00e8 terribile&#8221;"},"content":{"rendered":"<img src=\"https:\/\/staticfanpage.akamaized.net\/wp-content\/uploads\/sites\/25\/2023\/05\/demichelis-avvocata-638x425.jpg\" \/><br \/>Alessandra Demichelis, sospesa dall'Ordine degli Avvocati, \u00e8 intervenuta a La Zanzara: \"Gogna mediatica nei miei confronti. Con la pubblicit\u00e0 negativa che mi \u00e8 stata fatto da gennaio a oggi, non ci ho rimesso ma sinceramente non ho guadagnato\".<br \/><a href=\"https:\/\/www.fanpage.it\/spettacolo\/gossip\/alessandra-demichelis-sospesa-per-le-foto-social-gogna-mediatica-nei-confronti-delle-donne-e-terribile\/\">Continua a leggere<\/a>","protected":false},"excerpt":{"rendered":"<p>Alessandra Demichelis, sospesa dall&#8217;Ordine degli Avvocati, \u00e8 intervenuta a La Zanzara: &#8220;Gogna mediatica nei miei confronti. Con la pubblicit\u00e0 negativa che mi \u00e8 stata fatto da gennaio a oggi, non ci ho rimesso ma sinceramente non ho guadagnato&#8221;.Continua&#8230;<\/p>\n","protected":false},"author":124,"featured_media":0,"comment_status":"closed","ping_status":"closed","sticky":false,"template":"","format":"standard","meta":{"om_disable_all_campaigns":false,"_monsterinsights_skip_tracking":false,"_monsterinsights_sitenote_active":false,"_monsterinsights_sitenote_note":"","_monsterinsights_sitenote_category":0,"footnotes":""},"categories":[1393],"tags":[],"class_list":["post-474874","post","type-post","status-publish","format-standard","hentry","category-gossip"],"aioseo_notices":[],"_links":{"self":[{"href":"https:\/\/nugnes.com\/index.php?rest_route=\/wp\/v2\/posts\/474874","targetHints":{"allow":["GET"]}}],"collection":[{"href":"https:\/\/nugnes.com\/index.php?rest_route=\/wp\/v2\/posts"}],"about":[{"href":"https:\/\/nugnes.com\/index.php?rest_route=\/wp\/v2\/types\/post"}],"author":[{"embeddable":true,"href":"https:\/\/nugnes.com\/index.php?rest_route=\/wp\/v2\/users\/124"}],"replies":[{"embeddable":true,"href":"https:\/\/nugnes.com\/index.php?rest_route=%2Fwp%2Fv2%2Fcomments&post=474874"}],"version-history":[{"count":1,"href":"https:\/\/nugnes.com\/index.php?rest_route=\/wp\/v2\/posts\/474874\/revisions"}],"predecessor-version":[{"id":474875,"href":"https:\/\/nugnes.com\/index.php?rest_route=\/wp\/v2\/posts\/474874\/revisions\/474875"}],"wp:attachment":[{"href":"https:\/\/nugnes.com\/index.php?rest_route=%2Fwp%2Fv2%2Fmedia&parent=474874"}],"wp:term":[{"taxonomy":"category","embeddable":true,"href":"https:\/\/nugnes.com\/index.php?rest_route=%2Fwp%2Fv2%2Fcategories&post=474874"},{"taxonomy":"post_tag","embeddable":true,"href":"https:\/\/nugnes.com\/index.php?rest_route=%2Fwp%2Fv2%2Ftags&post=474874"}],"curies":[{"name":"wp","href":"https:\/\/api.w.org\/{rel}","templated":true}]}}