{"id":475431,"date":"2023-05-18T11:00:21","date_gmt":"2023-05-18T11:00:21","guid":{"rendered":"https:\/\/www.fanpage.it\/?p=1862888"},"modified":"2023-05-18T11:00:21","modified_gmt":"2023-05-18T11:00:21","slug":"la-corda-della-funivia-si-spezza-operaio-precipita-per-60-metri-e-muore-in-val-gardena","status":"publish","type":"post","link":"https:\/\/nugnes.com\/?p=475431","title":{"rendered":"La corda della funivia si spezza, operaio precipita per 60 metri e muore in Val Gardena"},"content":{"rendered":"<img src=\"https:\/\/staticfanpage.akamaized.net\/wp-content\/uploads\/2023\/05\/19238031_medium-638x425.jpg\" \/><br \/>Un operaio \u00e8 morto precipitando dalla funivia alla quale era attacco per alcuni lavori di manutenzione. \u00c8 accaduto in Val Gardena questa mattina: la corda si \u00e8 spezzata facendolo precipitare per oltre 60 metri.<br \/><a href=\"https:\/\/www.fanpage.it\/attualita\/la-corda-della-funivia-si-spezza-operaio-precipita-per-60-metri-e-muore-in-val-gardena\/\">Continua a leggere<\/a>","protected":false},"excerpt":{"rendered":"<p>Un operaio \u00e8 morto precipitando dalla funivia alla quale era attacco per alcuni lavori di manutenzione. \u00c8 accaduto in Val Gardena questa mattina: la corda si \u00e8 spezzata facendolo precipitare per oltre 60 metri.Continua a leggere<\/p>\n","protected":false},"author":119,"featured_media":0,"comment_status":"closed","ping_status":"closed","sticky":false,"template":"","format":"standard","meta":{"om_disable_all_campaigns":false,"_monsterinsights_skip_tracking":false,"_monsterinsights_sitenote_active":false,"_monsterinsights_sitenote_note":"","_monsterinsights_sitenote_category":0,"footnotes":""},"categories":[745],"tags":[],"class_list":["post-475431","post","type-post","status-publish","format-standard","hentry","category-attualita"],"aioseo_notices":[],"_links":{"self":[{"href":"https:\/\/nugnes.com\/index.php?rest_route=\/wp\/v2\/posts\/475431","targetHints":{"allow":["GET"]}}],"collection":[{"href":"https:\/\/nugnes.com\/index.php?rest_route=\/wp\/v2\/posts"}],"about":[{"href":"https:\/\/nugnes.com\/index.php?rest_route=\/wp\/v2\/types\/post"}],"author":[{"embeddable":true,"href":"https:\/\/nugnes.com\/index.php?rest_route=\/wp\/v2\/users\/119"}],"replies":[{"embeddable":true,"href":"https:\/\/nugnes.com\/index.php?rest_route=%2Fwp%2Fv2%2Fcomments&post=475431"}],"version-history":[{"count":1,"href":"https:\/\/nugnes.com\/index.php?rest_route=\/wp\/v2\/posts\/475431\/revisions"}],"predecessor-version":[{"id":475432,"href":"https:\/\/nugnes.com\/index.php?rest_route=\/wp\/v2\/posts\/475431\/revisions\/475432"}],"wp:attachment":[{"href":"https:\/\/nugnes.com\/index.php?rest_route=%2Fwp%2Fv2%2Fmedia&parent=475431"}],"wp:term":[{"taxonomy":"category","embeddable":true,"href":"https:\/\/nugnes.com\/index.php?rest_route=%2Fwp%2Fv2%2Fcategories&post=475431"},{"taxonomy":"post_tag","embeddable":true,"href":"https:\/\/nugnes.com\/index.php?rest_route=%2Fwp%2Fv2%2Ftags&post=475431"}],"curies":[{"name":"wp","href":"https:\/\/api.w.org\/{rel}","templated":true}]}}