{"id":475493,"date":"2023-05-18T11:55:43","date_gmt":"2023-05-18T11:55:43","guid":{"rendered":"https:\/\/www.fanpage.it\/?p=1862897"},"modified":"2023-05-18T11:55:43","modified_gmt":"2023-05-18T11:55:43","slug":"alluvioni-caldo-e-siccita-perche-per-colpa-delluomo-gli-eventi-estremi-sono-destinati-ad-aumentare","status":"publish","type":"post","link":"https:\/\/nugnes.com\/?p=475493","title":{"rendered":"Alluvioni, caldo e siccit\u00e0: perch\u00e9 per colpa dell&#8217;uomo gli eventi estremi sono destinati ad aumentare"},"content":{"rendered":"<img src=\"https:\/\/staticfanpage.akamaized.net\/wp-content\/uploads\/2023\/05\/emilia-romagna-300x225.jpg\" \/><br \/>Giulio Betti, meteorologo e climatologo: \"Il numero di eventi estremi \u00e8 destinato ad aumentare: non mi riferisco solo alle alluvioni ma anche alle ondate di calore e alla siccit\u00e0. Avremmo dovuto da tempo tagliare le emissioni di gas serra, ma non \u00e8 stato fatto abbastanza. Queste sono le conseguenze\".<br \/><a href=\"https:\/\/www.fanpage.it\/attualita\/alluvioni-caldo-e-siccita-perche-per-colpa-delluomo-gli-eventi-estremi-sono-destinati-ad-aumentare\/\">Continua a leggere<\/a>","protected":false},"excerpt":{"rendered":"<p>Giulio Betti, meteorologo e climatologo: &#8220;Il numero di eventi estremi \u00e8 destinato ad aumentare: non mi riferisco solo alle alluvioni ma anche alle ondate di calore e alla siccit\u00e0. Avremmo dovuto da tempo tagliare le emissioni di gas serra, ma non \u00e8 sta&#8230;<\/p>\n","protected":false},"author":113,"featured_media":0,"comment_status":"closed","ping_status":"closed","sticky":false,"template":"","format":"standard","meta":{"om_disable_all_campaigns":false,"_monsterinsights_skip_tracking":false,"_monsterinsights_sitenote_active":false,"_monsterinsights_sitenote_note":"","_monsterinsights_sitenote_category":0,"footnotes":""},"categories":[745],"tags":[],"class_list":["post-475493","post","type-post","status-publish","format-standard","hentry","category-attualita"],"aioseo_notices":[],"_links":{"self":[{"href":"https:\/\/nugnes.com\/index.php?rest_route=\/wp\/v2\/posts\/475493","targetHints":{"allow":["GET"]}}],"collection":[{"href":"https:\/\/nugnes.com\/index.php?rest_route=\/wp\/v2\/posts"}],"about":[{"href":"https:\/\/nugnes.com\/index.php?rest_route=\/wp\/v2\/types\/post"}],"author":[{"embeddable":true,"href":"https:\/\/nugnes.com\/index.php?rest_route=\/wp\/v2\/users\/113"}],"replies":[{"embeddable":true,"href":"https:\/\/nugnes.com\/index.php?rest_route=%2Fwp%2Fv2%2Fcomments&post=475493"}],"version-history":[{"count":1,"href":"https:\/\/nugnes.com\/index.php?rest_route=\/wp\/v2\/posts\/475493\/revisions"}],"predecessor-version":[{"id":475494,"href":"https:\/\/nugnes.com\/index.php?rest_route=\/wp\/v2\/posts\/475493\/revisions\/475494"}],"wp:attachment":[{"href":"https:\/\/nugnes.com\/index.php?rest_route=%2Fwp%2Fv2%2Fmedia&parent=475493"}],"wp:term":[{"taxonomy":"category","embeddable":true,"href":"https:\/\/nugnes.com\/index.php?rest_route=%2Fwp%2Fv2%2Fcategories&post=475493"},{"taxonomy":"post_tag","embeddable":true,"href":"https:\/\/nugnes.com\/index.php?rest_route=%2Fwp%2Fv2%2Ftags&post=475493"}],"curies":[{"name":"wp","href":"https:\/\/api.w.org\/{rel}","templated":true}]}}