{"id":476072,"date":"2023-05-19T14:00:08","date_gmt":"2023-05-19T14:00:08","guid":{"rendered":"https:\/\/www.fanpage.it\/?p=1863673"},"modified":"2023-05-19T14:00:08","modified_gmt":"2023-05-19T14:00:08","slug":"von-der-leyen-dice-che-leuropa-deve-trovare-unalternativa-alla-via-della-seta-con-la-cina","status":"publish","type":"post","link":"https:\/\/nugnes.com\/?p=476072","title":{"rendered":"Von der Leyen dice che l&#8217;Europa deve trovare un&#8217;alternativa alla Via della seta con la Cina"},"content":{"rendered":"<img src=\"https:\/\/staticfanpage.akamaized.net\/wp-content\/uploads\/2023\/05\/Von-der-leyen-Xi-Jinping-300x225.jpg\" \/><br \/>La presidente della Commissione europea Ursula von der Leyen ha detto che la Cina \u00e8 diventata \"pi\u00f9 repressiva in patria e pi\u00f9 assertiva all'estero\", e tagliare i ponti \"non \u00e8 fattibile n\u00e9 nel nostro interesse\", ma l'Europa deve \"creare un'alternativa alla Via della seta\". L'Italia \u00e8 l'unico Paese del G7 che \u00e8 entrato nell'accordo commerciale.<br \/><a href=\"https:\/\/www.fanpage.it\/politica\/von-der-leyen-dice-che-leuropa-deve-trovare-unalternativa-alla-via-della-seta-con-la-cina\/\">Continua a leggere<\/a>","protected":false},"excerpt":{"rendered":"<p>La presidente della Commissione europea Ursula von der Leyen ha detto che la Cina \u00e8 diventata &#8220;pi\u00f9 repressiva in patria e pi\u00f9 assertiva all&#8217;estero&#8221;, e tagliare i ponti &#8220;non \u00e8 fattibile n\u00e9 nel nostro interesse&#8221;, ma l&#8217;Europa deve &#8220;creare un&#8217;alternativa a&#8230;<\/p>\n","protected":false},"author":425,"featured_media":0,"comment_status":"closed","ping_status":"closed","sticky":false,"template":"","format":"standard","meta":{"om_disable_all_campaigns":false,"_monsterinsights_skip_tracking":false,"_monsterinsights_sitenote_active":false,"_monsterinsights_sitenote_note":"","_monsterinsights_sitenote_category":0,"footnotes":""},"categories":[748],"tags":[],"class_list":["post-476072","post","type-post","status-publish","format-standard","hentry","category-politica-italiana"],"aioseo_notices":[],"_links":{"self":[{"href":"https:\/\/nugnes.com\/index.php?rest_route=\/wp\/v2\/posts\/476072","targetHints":{"allow":["GET"]}}],"collection":[{"href":"https:\/\/nugnes.com\/index.php?rest_route=\/wp\/v2\/posts"}],"about":[{"href":"https:\/\/nugnes.com\/index.php?rest_route=\/wp\/v2\/types\/post"}],"author":[{"embeddable":true,"href":"https:\/\/nugnes.com\/index.php?rest_route=\/wp\/v2\/users\/425"}],"replies":[{"embeddable":true,"href":"https:\/\/nugnes.com\/index.php?rest_route=%2Fwp%2Fv2%2Fcomments&post=476072"}],"version-history":[{"count":1,"href":"https:\/\/nugnes.com\/index.php?rest_route=\/wp\/v2\/posts\/476072\/revisions"}],"predecessor-version":[{"id":476073,"href":"https:\/\/nugnes.com\/index.php?rest_route=\/wp\/v2\/posts\/476072\/revisions\/476073"}],"wp:attachment":[{"href":"https:\/\/nugnes.com\/index.php?rest_route=%2Fwp%2Fv2%2Fmedia&parent=476072"}],"wp:term":[{"taxonomy":"category","embeddable":true,"href":"https:\/\/nugnes.com\/index.php?rest_route=%2Fwp%2Fv2%2Fcategories&post=476072"},{"taxonomy":"post_tag","embeddable":true,"href":"https:\/\/nugnes.com\/index.php?rest_route=%2Fwp%2Fv2%2Ftags&post=476072"}],"curies":[{"name":"wp","href":"https:\/\/api.w.org\/{rel}","templated":true}]}}