{"id":476172,"date":"2023-05-19T14:13:46","date_gmt":"2023-05-19T14:13:46","guid":{"rendered":"https:\/\/www.fanpage.it\/milano\/?p=208656"},"modified":"2023-05-19T14:13:46","modified_gmt":"2023-05-19T14:13:46","slug":"la-casa-in-cui-abitavo-un-anno-fa-ora-costa-mille-euro-in-piu-al-mese-la-denuncia-di-stella-pulpo","status":"publish","type":"post","link":"https:\/\/nugnes.com\/?p=476172","title":{"rendered":"&#8220;La casa in cui abitavo un anno fa ora costa mille euro in pi\u00f9 al mese&#8221;: la denuncia di Stella Pulpo"},"content":{"rendered":"<img src=\"https:\/\/staticfanpage.akamaized.net\/wp-content\/uploads\/sites\/29\/2023\/05\/Schermata-2023-05-19-alle-14.59.05-638x409.jpg\" \/><br \/>\"Fino a febbraio 2021 il canone della mia vecchia casa \u00e8 stato di 1.100 euro circa: da marzo 2021 \u00e8 aumentato a 1.400 euro. Oggi l'annuncio online \u00e8 fuori a 2.400 euro\", la denuncia della blogger e scrittrice Stella Pulpo. \"Quando si parla di caro affitti si pensi anche a single, giovani coppie e famiglie\"<br \/><a href=\"https:\/\/www.fanpage.it\/milano\/la-casa-in-cui-abitavo-un-anno-fa-ora-costa-mille-euro-in-piu-al-mese-la-denuncia-di-stella-pulpo\/\">Continua a leggere<\/a>","protected":false},"excerpt":{"rendered":"<p>&#8220;Fino a febbraio 2021 il canone della mia vecchia casa \u00e8 stato di 1.100 euro circa: da marzo 2021 \u00e8 aumentato a 1.400 euro. Oggi l&#8217;annuncio online \u00e8 fuori a 2.400 euro&#8221;, la denuncia della blogger e scrittrice Stella Pulpo. &#8220;Quando si parla di caro affi&#8230;<\/p>\n","protected":false},"author":296,"featured_media":0,"comment_status":"closed","ping_status":"closed","sticky":false,"template":"","format":"standard","meta":{"om_disable_all_campaigns":false,"_monsterinsights_skip_tracking":false,"_monsterinsights_sitenote_active":false,"_monsterinsights_sitenote_note":"","_monsterinsights_sitenote_category":0,"footnotes":""},"categories":[745,10],"tags":[],"class_list":["post-476172","post","type-post","status-publish","format-standard","hentry","category-attualita","category-cronaca"],"aioseo_notices":[],"_links":{"self":[{"href":"https:\/\/nugnes.com\/index.php?rest_route=\/wp\/v2\/posts\/476172","targetHints":{"allow":["GET"]}}],"collection":[{"href":"https:\/\/nugnes.com\/index.php?rest_route=\/wp\/v2\/posts"}],"about":[{"href":"https:\/\/nugnes.com\/index.php?rest_route=\/wp\/v2\/types\/post"}],"author":[{"embeddable":true,"href":"https:\/\/nugnes.com\/index.php?rest_route=\/wp\/v2\/users\/296"}],"replies":[{"embeddable":true,"href":"https:\/\/nugnes.com\/index.php?rest_route=%2Fwp%2Fv2%2Fcomments&post=476172"}],"version-history":[{"count":1,"href":"https:\/\/nugnes.com\/index.php?rest_route=\/wp\/v2\/posts\/476172\/revisions"}],"predecessor-version":[{"id":476173,"href":"https:\/\/nugnes.com\/index.php?rest_route=\/wp\/v2\/posts\/476172\/revisions\/476173"}],"wp:attachment":[{"href":"https:\/\/nugnes.com\/index.php?rest_route=%2Fwp%2Fv2%2Fmedia&parent=476172"}],"wp:term":[{"taxonomy":"category","embeddable":true,"href":"https:\/\/nugnes.com\/index.php?rest_route=%2Fwp%2Fv2%2Fcategories&post=476172"},{"taxonomy":"post_tag","embeddable":true,"href":"https:\/\/nugnes.com\/index.php?rest_route=%2Fwp%2Fv2%2Ftags&post=476172"}],"curies":[{"name":"wp","href":"https:\/\/api.w.org\/{rel}","templated":true}]}}