{"id":477429,"date":"2023-05-22T19:19:46","date_gmt":"2023-05-22T19:19:46","guid":{"rendered":"https:\/\/www.fanpage.it\/?p=1865622"},"modified":"2023-05-22T19:19:46","modified_gmt":"2023-05-22T19:19:46","slug":"muore-mentre-libera-dalla-neve-il-passo-dello-stelvio-chi-era-toni-reinstadler","status":"publish","type":"post","link":"https:\/\/nugnes.com\/?p=477429","title":{"rendered":"Muore mentre libera dalla neve il Passo dello Stelvio, chi era Toni Reinstadler"},"content":{"rendered":"<img src=\"https:\/\/staticfanpage.akamaized.net\/wp-content\/uploads\/2023\/05\/348581984_168505789231455_711595560519996918_n-300x225.jpg\" \/><br \/>Vice capo del soccorso alpino di Solda, Toni Reinstadler \u00e8 precipitato lungo un canalone mentre effettuava alcune operazioni in vista della riapertura della strada sul passo a met\u00e0 fra Valtellina e Alto Adige: \u00e8 morto cos\u00ec all'et\u00e0 di 55 anni.<br \/><a href=\"https:\/\/www.fanpage.it\/attualita\/muore-mentre-libera-dalla-neve-il-passo-dello-stelvio-chi-era-toni-reinstadler\/\">Continua a leggere<\/a>","protected":false},"excerpt":{"rendered":"<p>Vice capo del soccorso alpino di Solda, Toni Reinstadler \u00e8 precipitato lungo un canalone mentre effettuava alcune operazioni in vista della riapertura della strada sul passo a met\u00e0 fra Valtellina e Alto Adige: \u00e8 morto cos\u00ec all&#8217;et\u00e0 di 55 anni.Continua a&#8230;<\/p>\n","protected":false},"author":93,"featured_media":0,"comment_status":"closed","ping_status":"closed","sticky":false,"template":"","format":"standard","meta":{"om_disable_all_campaigns":false,"_monsterinsights_skip_tracking":false,"_monsterinsights_sitenote_active":false,"_monsterinsights_sitenote_note":"","_monsterinsights_sitenote_category":0,"footnotes":""},"categories":[745],"tags":[],"class_list":["post-477429","post","type-post","status-publish","format-standard","hentry","category-attualita"],"aioseo_notices":[],"_links":{"self":[{"href":"https:\/\/nugnes.com\/index.php?rest_route=\/wp\/v2\/posts\/477429","targetHints":{"allow":["GET"]}}],"collection":[{"href":"https:\/\/nugnes.com\/index.php?rest_route=\/wp\/v2\/posts"}],"about":[{"href":"https:\/\/nugnes.com\/index.php?rest_route=\/wp\/v2\/types\/post"}],"author":[{"embeddable":true,"href":"https:\/\/nugnes.com\/index.php?rest_route=\/wp\/v2\/users\/93"}],"replies":[{"embeddable":true,"href":"https:\/\/nugnes.com\/index.php?rest_route=%2Fwp%2Fv2%2Fcomments&post=477429"}],"version-history":[{"count":1,"href":"https:\/\/nugnes.com\/index.php?rest_route=\/wp\/v2\/posts\/477429\/revisions"}],"predecessor-version":[{"id":477430,"href":"https:\/\/nugnes.com\/index.php?rest_route=\/wp\/v2\/posts\/477429\/revisions\/477430"}],"wp:attachment":[{"href":"https:\/\/nugnes.com\/index.php?rest_route=%2Fwp%2Fv2%2Fmedia&parent=477429"}],"wp:term":[{"taxonomy":"category","embeddable":true,"href":"https:\/\/nugnes.com\/index.php?rest_route=%2Fwp%2Fv2%2Fcategories&post=477429"},{"taxonomy":"post_tag","embeddable":true,"href":"https:\/\/nugnes.com\/index.php?rest_route=%2Fwp%2Fv2%2Ftags&post=477429"}],"curies":[{"name":"wp","href":"https:\/\/api.w.org\/{rel}","templated":true}]}}