{"id":482606,"date":"2023-06-02T10:43:02","date_gmt":"2023-06-02T10:43:02","guid":{"rendered":"https:\/\/www.fanpage.it\/?p=1872155"},"modified":"2023-06-02T10:43:02","modified_gmt":"2023-06-02T10:43:02","slug":"a-una-nave-ong-tedesca-viene-assegnato-il-porto-di-trapani-ma-va-a-lampedusa","status":"publish","type":"post","link":"https:\/\/nugnes.com\/?p=482606","title":{"rendered":"A una nave Ong tedesca viene assegnato il porto di Trapani, ma va a Lampedusa"},"content":{"rendered":"<img src=\"https:\/\/staticfanpage.akamaized.net\/wp-content\/uploads\/2023\/03\/migranti-lampedusa-300x225.jpg\" \/><br \/>\"Ci \u00e8 stato assegnato il porto di Trapani, a un minimo di 32 ore di distanza. Abbiamo detto chiaramente alle autorit\u00e0 che la nostra nave non \u00e8 attrezzata per prendersi cura delle persone soccorse per quel periodo di tempo\", lo ha spiegato la nave della Ong tedesca MareGo, attraccata a Lampedusa invece che a Trapani, come le avevano detto le autorit\u00e0 italiane, dopo aver soccorso 36 persone.<br \/><a href=\"https:\/\/www.fanpage.it\/politica\/a-una-nave-ong-tedesca-viene-assegnato-il-porto-di-trapani-ma-va-a-lampedusa\/\">Continua a leggere<\/a>","protected":false},"excerpt":{"rendered":"<p>&#8220;Ci \u00e8 stato assegnato il porto di Trapani, a un minimo di 32 ore di distanza. Abbiamo detto chiaramente alle autorit\u00e0 che la nostra nave non \u00e8 attrezzata per prendersi cura delle persone soccorse per quel periodo di tempo&#8221;, lo ha spiegato la nave della&#8230;<\/p>\n","protected":false},"author":104,"featured_media":0,"comment_status":"closed","ping_status":"closed","sticky":false,"template":"","format":"standard","meta":{"om_disable_all_campaigns":false,"_monsterinsights_skip_tracking":false,"_monsterinsights_sitenote_active":false,"_monsterinsights_sitenote_note":"","_monsterinsights_sitenote_category":0,"footnotes":""},"categories":[748],"tags":[],"class_list":["post-482606","post","type-post","status-publish","format-standard","hentry","category-politica-italiana"],"aioseo_notices":[],"_links":{"self":[{"href":"https:\/\/nugnes.com\/index.php?rest_route=\/wp\/v2\/posts\/482606","targetHints":{"allow":["GET"]}}],"collection":[{"href":"https:\/\/nugnes.com\/index.php?rest_route=\/wp\/v2\/posts"}],"about":[{"href":"https:\/\/nugnes.com\/index.php?rest_route=\/wp\/v2\/types\/post"}],"author":[{"embeddable":true,"href":"https:\/\/nugnes.com\/index.php?rest_route=\/wp\/v2\/users\/104"}],"replies":[{"embeddable":true,"href":"https:\/\/nugnes.com\/index.php?rest_route=%2Fwp%2Fv2%2Fcomments&post=482606"}],"version-history":[{"count":1,"href":"https:\/\/nugnes.com\/index.php?rest_route=\/wp\/v2\/posts\/482606\/revisions"}],"predecessor-version":[{"id":482607,"href":"https:\/\/nugnes.com\/index.php?rest_route=\/wp\/v2\/posts\/482606\/revisions\/482607"}],"wp:attachment":[{"href":"https:\/\/nugnes.com\/index.php?rest_route=%2Fwp%2Fv2%2Fmedia&parent=482606"}],"wp:term":[{"taxonomy":"category","embeddable":true,"href":"https:\/\/nugnes.com\/index.php?rest_route=%2Fwp%2Fv2%2Fcategories&post=482606"},{"taxonomy":"post_tag","embeddable":true,"href":"https:\/\/nugnes.com\/index.php?rest_route=%2Fwp%2Fv2%2Ftags&post=482606"}],"curies":[{"name":"wp","href":"https:\/\/api.w.org\/{rel}","templated":true}]}}