{"id":48715,"date":"2020-07-16T18:19:17","date_gmt":"2020-07-16T18:19:17","guid":{"rendered":"https:\/\/www.fanpage.it\/milano\/?p=22983"},"modified":"2020-07-16T18:19:17","modified_gmt":"2020-07-16T18:19:17","slug":"tragico-incidente-sul-lavoro-in-un-cantiere-allospedale-di-cremona-morto-un-operaio","status":"publish","type":"post","link":"https:\/\/nugnes.com\/?p=48715","title":{"rendered":"Tragico incidente sul lavoro in un cantiere all\u2019ospedale di Cremona: morto un operaio"},"content":{"rendered":"<img src=\"https:\/\/static.fanpage.it\/wp-content\/uploads\/sites\/3\/2020\/03\/LP_11221990-638x425.jpg\" \/><br \/>Un operaio \u00e8 morto in un incidente sul lavoro all'interno del cantiere che sorge presso la Medicina Nucleare dell\u2019ospedale Maggiore di Cremona. L'incidente mortale si \u00e8 verificato nel pomeriggio di oggi, gioved\u00ec 16 luglio. Il lavoratore stava effettuando i lavori di isolamento piombato del bunker che ospiter\u00e0 il nuovo acceleratore lineare.<br \/><a href=\"https:\/\/www.fanpage.it\/milano\/tragico-incidente-sul-lavoro-in-un-cantiere-allospedale-di-cremona-morto-un-operaio\/\">Continua a leggere<\/a>","protected":false},"excerpt":{"rendered":"<p>Un operaio \u00e8 morto in un incidente sul lavoro all&#8217;interno del cantiere che sorge presso la Medicina Nucleare dell\u2019ospedale Maggiore di Cremona. L&#8217;incidente mortale si \u00e8 verificato nel pomeriggio di oggi, gioved\u00ec 16 luglio. Il lavoratore stava effettuan&#8230;<\/p>\n","protected":false},"author":115,"featured_media":0,"comment_status":"closed","ping_status":"closed","sticky":false,"template":"","format":"standard","meta":{"om_disable_all_campaigns":false,"_monsterinsights_skip_tracking":false,"_monsterinsights_sitenote_active":false,"_monsterinsights_sitenote_note":"","_monsterinsights_sitenote_category":0,"footnotes":""},"categories":[745,757,333,236],"tags":[],"class_list":["post-48715","post","type-post","status-publish","format-standard","hentry","category-attualita","category-cremona","category-lavoro","category-lombardia"],"aioseo_notices":[],"_links":{"self":[{"href":"https:\/\/nugnes.com\/index.php?rest_route=\/wp\/v2\/posts\/48715","targetHints":{"allow":["GET"]}}],"collection":[{"href":"https:\/\/nugnes.com\/index.php?rest_route=\/wp\/v2\/posts"}],"about":[{"href":"https:\/\/nugnes.com\/index.php?rest_route=\/wp\/v2\/types\/post"}],"author":[{"embeddable":true,"href":"https:\/\/nugnes.com\/index.php?rest_route=\/wp\/v2\/users\/115"}],"replies":[{"embeddable":true,"href":"https:\/\/nugnes.com\/index.php?rest_route=%2Fwp%2Fv2%2Fcomments&post=48715"}],"version-history":[{"count":1,"href":"https:\/\/nugnes.com\/index.php?rest_route=\/wp\/v2\/posts\/48715\/revisions"}],"predecessor-version":[{"id":48716,"href":"https:\/\/nugnes.com\/index.php?rest_route=\/wp\/v2\/posts\/48715\/revisions\/48716"}],"wp:attachment":[{"href":"https:\/\/nugnes.com\/index.php?rest_route=%2Fwp%2Fv2%2Fmedia&parent=48715"}],"wp:term":[{"taxonomy":"category","embeddable":true,"href":"https:\/\/nugnes.com\/index.php?rest_route=%2Fwp%2Fv2%2Fcategories&post=48715"},{"taxonomy":"post_tag","embeddable":true,"href":"https:\/\/nugnes.com\/index.php?rest_route=%2Fwp%2Fv2%2Ftags&post=48715"}],"curies":[{"name":"wp","href":"https:\/\/api.w.org\/{rel}","templated":true}]}}