{"id":48744,"date":"2020-07-16T17:27:32","date_gmt":"2020-07-16T17:27:32","guid":{"rendered":"https:\/\/www.fanpage.it\/?p=1263222"},"modified":"2020-07-16T17:27:32","modified_gmt":"2020-07-16T17:27:32","slug":"il-decreto-rilancio-e-legge-conte-questo-e-il-tempo-delle-decisioni-ora-tocca-a-bruxelles","status":"publish","type":"post","link":"https:\/\/nugnes.com\/?p=48744","title":{"rendered":"Il decreto Rilancio \u00e8 legge. Conte: \u201cQuesto \u00e8 il tempo delle decisioni, ora tocca a Bruxelles\u201d"},"content":{"rendered":"<img src=\"https:\/\/static.fanpage.it\/wp-content\/uploads\/2020\/07\/conte-44-300x225.jpg\" \/><br \/>\"Non \u00e8 questo il tempo dei rinvii, ma delle decisioni. L\u2019Italia deve correre. Il \u201cdecreto rilancio\u201d \u00e8 stato definitivamente convertito dal Parlamento ed \u00e8 legge dello Stato. Adesso \u00e8 la volta di Bruxelles. \u00c8 una partita fondamentale per il futuro dell\u2019Europa e dei nostri cittadini\": cos\u00ec il presidente Giuseppe Conte commenta l'approvazione definitiva in Senato del decreto Rilancio e si prepara al Consiglio europeo.<br \/><a href=\"https:\/\/www.fanpage.it\/politica\/il-decreto-rilancio-e-legge-conte-questo-e-il-tempo-delle-decisioni-ora-tocca-a-bruxelles\/\">Continua a leggere<\/a>","protected":false},"excerpt":{"rendered":"<p>&#8220;Non \u00e8 questo il tempo dei rinvii, ma delle decisioni. L\u2019Italia deve correre. Il \u201cdecreto rilancio\u201d \u00e8 stato definitivamente convertito dal Parlamento ed \u00e8 legge dello Stato. Adesso \u00e8 la volta di Bruxelles. \u00c8 una partita fondamentale per il futuro dell\u2019&#8230;<\/p>\n","protected":false},"author":104,"featured_media":0,"comment_status":"closed","ping_status":"closed","sticky":false,"template":"","format":"standard","meta":{"om_disable_all_campaigns":false,"_monsterinsights_skip_tracking":false,"_monsterinsights_sitenote_active":false,"_monsterinsights_sitenote_note":"","_monsterinsights_sitenote_category":0,"footnotes":""},"categories":[748],"tags":[],"class_list":["post-48744","post","type-post","status-publish","format-standard","hentry","category-politica-italiana"],"aioseo_notices":[],"_links":{"self":[{"href":"https:\/\/nugnes.com\/index.php?rest_route=\/wp\/v2\/posts\/48744","targetHints":{"allow":["GET"]}}],"collection":[{"href":"https:\/\/nugnes.com\/index.php?rest_route=\/wp\/v2\/posts"}],"about":[{"href":"https:\/\/nugnes.com\/index.php?rest_route=\/wp\/v2\/types\/post"}],"author":[{"embeddable":true,"href":"https:\/\/nugnes.com\/index.php?rest_route=\/wp\/v2\/users\/104"}],"replies":[{"embeddable":true,"href":"https:\/\/nugnes.com\/index.php?rest_route=%2Fwp%2Fv2%2Fcomments&post=48744"}],"version-history":[{"count":1,"href":"https:\/\/nugnes.com\/index.php?rest_route=\/wp\/v2\/posts\/48744\/revisions"}],"predecessor-version":[{"id":48746,"href":"https:\/\/nugnes.com\/index.php?rest_route=\/wp\/v2\/posts\/48744\/revisions\/48746"}],"wp:attachment":[{"href":"https:\/\/nugnes.com\/index.php?rest_route=%2Fwp%2Fv2%2Fmedia&parent=48744"}],"wp:term":[{"taxonomy":"category","embeddable":true,"href":"https:\/\/nugnes.com\/index.php?rest_route=%2Fwp%2Fv2%2Fcategories&post=48744"},{"taxonomy":"post_tag","embeddable":true,"href":"https:\/\/nugnes.com\/index.php?rest_route=%2Fwp%2Fv2%2Ftags&post=48744"}],"curies":[{"name":"wp","href":"https:\/\/api.w.org\/{rel}","templated":true}]}}