{"id":495298,"date":"2023-07-03T10:29:35","date_gmt":"2023-07-03T10:29:35","guid":{"rendered":"https:\/\/www.fanpage.it\/spettacolo\/?p=169104"},"modified":"2023-07-03T10:29:35","modified_gmt":"2023-07-03T10:29:35","slug":"federica-sciarelli-ritrova-15enne-scomparso-il-racconto-a-fanpage-it-ho-ancora-i-brividi","status":"publish","type":"post","link":"https:\/\/nugnes.com\/?p=495298","title":{"rendered":"Federica Sciarelli ritrova 15enne scomparso, il racconto a Fanpage.it: &#8220;Ho ancora i brividi&#8221;"},"content":{"rendered":"<img src=\"https:\/\/staticfanpage.akamaized.net\/wp-content\/uploads\/sites\/25\/2023\/07\/federica-sciarelli-ritrova-15enne-scomparso.jpg\" \/><br \/>Federica Sciarelli, su Fanpage.it, racconta come ha ritrovato il quindicenne scomparso sulla spiaggia di Maccarese. La giornalista e conduttrice di Chi l'ha visto?: \"\u00c8 stato veramente bellissimo poter aiutare. Come dico sempre, pi\u00f9 tempo passa dopo una scomparsa, peggio \u00e8\".<br \/><a href=\"https:\/\/www.fanpage.it\/spettacolo\/interviste\/federica-sciarelli-ritrova-15enne-scomparso-il-racconto-a-fanpage-it-ho-ancora-i-brividi\/\">Continua a leggere<\/a>","protected":false},"excerpt":{"rendered":"<p>Federica Sciarelli, su Fanpage.it, racconta come ha ritrovato il quindicenne scomparso sulla spiaggia di Maccarese. La giornalista e conduttrice di Chi l&#8217;ha visto?: &#8220;\u00c8 stato veramente bellissimo poter aiutare. Come dico sempre, pi\u00f9 tempo passa dopo una&#8230;<\/p>\n","protected":false},"author":121,"featured_media":0,"comment_status":"closed","ping_status":"closed","sticky":false,"template":"","format":"standard","meta":{"om_disable_all_campaigns":false,"_monsterinsights_skip_tracking":false,"_monsterinsights_sitenote_active":false,"_monsterinsights_sitenote_note":"","_monsterinsights_sitenote_category":0,"footnotes":""},"categories":[1411],"tags":[],"class_list":["post-495298","post","type-post","status-publish","format-standard","hentry","category-interviste"],"aioseo_notices":[],"_links":{"self":[{"href":"https:\/\/nugnes.com\/index.php?rest_route=\/wp\/v2\/posts\/495298","targetHints":{"allow":["GET"]}}],"collection":[{"href":"https:\/\/nugnes.com\/index.php?rest_route=\/wp\/v2\/posts"}],"about":[{"href":"https:\/\/nugnes.com\/index.php?rest_route=\/wp\/v2\/types\/post"}],"author":[{"embeddable":true,"href":"https:\/\/nugnes.com\/index.php?rest_route=\/wp\/v2\/users\/121"}],"replies":[{"embeddable":true,"href":"https:\/\/nugnes.com\/index.php?rest_route=%2Fwp%2Fv2%2Fcomments&post=495298"}],"version-history":[{"count":1,"href":"https:\/\/nugnes.com\/index.php?rest_route=\/wp\/v2\/posts\/495298\/revisions"}],"predecessor-version":[{"id":495299,"href":"https:\/\/nugnes.com\/index.php?rest_route=\/wp\/v2\/posts\/495298\/revisions\/495299"}],"wp:attachment":[{"href":"https:\/\/nugnes.com\/index.php?rest_route=%2Fwp%2Fv2%2Fmedia&parent=495298"}],"wp:term":[{"taxonomy":"category","embeddable":true,"href":"https:\/\/nugnes.com\/index.php?rest_route=%2Fwp%2Fv2%2Fcategories&post=495298"},{"taxonomy":"post_tag","embeddable":true,"href":"https:\/\/nugnes.com\/index.php?rest_route=%2Fwp%2Fv2%2Ftags&post=495298"}],"curies":[{"name":"wp","href":"https:\/\/api.w.org\/{rel}","templated":true}]}}