{"id":495346,"date":"2023-07-03T11:45:19","date_gmt":"2023-07-03T11:45:19","guid":{"rendered":"https:\/\/www.fanpage.it\/sport\/?p=1885759"},"modified":"2023-07-03T11:45:19","modified_gmt":"2023-07-03T11:45:19","slug":"paola-egonu-torna-in-nazionale-dopo-le-polemiche-ma-non-giochera-le-finali-di-nations-league","status":"publish","type":"post","link":"https:\/\/nugnes.com\/?p=495346","title":{"rendered":"Paola Egonu torna in Nazionale dopo le polemiche: ma non giocher\u00e0 le finali di Nations League"},"content":{"rendered":"<img src=\"https:\/\/staticfanpage.akamaized.net\/wp-content\/uploads\/sites\/27\/2023\/07\/paola-egonu-torna-in-nazionale-pallavolo-638x425.jpg\" \/><br \/>Paola Egonu torner\u00e0 a vestire la maglia azzurra, dopo l'addio dello scorso autunno. Egonu \u00e8 stata convocata in Nazionale, ma non far\u00e0 parte comunque della squadra che disputer\u00e0 le finali di Nations League.<br \/><a href=\"https:\/\/www.fanpage.it\/sport\/altri-sport\/paola-egonu-torna-in-nazionale-ma-non-giochera-le-finali-di-nations-league\/\">Continua a leggere<\/a>","protected":false},"excerpt":{"rendered":"<p>Paola Egonu torner\u00e0 a vestire la maglia azzurra, dopo l&#8217;addio dello scorso autunno. Egonu \u00e8 stata convocata in Nazionale, ma non far\u00e0 parte comunque della squadra che disputer\u00e0 le finali di Nations League.Continua a leggere<\/p>\n","protected":false},"author":116,"featured_media":0,"comment_status":"closed","ping_status":"closed","sticky":false,"template":"","format":"standard","meta":{"om_disable_all_campaigns":false,"_monsterinsights_skip_tracking":false,"_monsterinsights_sitenote_active":false,"_monsterinsights_sitenote_note":"","_monsterinsights_sitenote_category":0,"footnotes":""},"categories":[790,743],"tags":[],"class_list":["post-495346","post","type-post","status-publish","format-standard","hentry","category-altri-sport","category-notizie"],"aioseo_notices":[],"_links":{"self":[{"href":"https:\/\/nugnes.com\/index.php?rest_route=\/wp\/v2\/posts\/495346","targetHints":{"allow":["GET"]}}],"collection":[{"href":"https:\/\/nugnes.com\/index.php?rest_route=\/wp\/v2\/posts"}],"about":[{"href":"https:\/\/nugnes.com\/index.php?rest_route=\/wp\/v2\/types\/post"}],"author":[{"embeddable":true,"href":"https:\/\/nugnes.com\/index.php?rest_route=\/wp\/v2\/users\/116"}],"replies":[{"embeddable":true,"href":"https:\/\/nugnes.com\/index.php?rest_route=%2Fwp%2Fv2%2Fcomments&post=495346"}],"version-history":[{"count":1,"href":"https:\/\/nugnes.com\/index.php?rest_route=\/wp\/v2\/posts\/495346\/revisions"}],"predecessor-version":[{"id":495347,"href":"https:\/\/nugnes.com\/index.php?rest_route=\/wp\/v2\/posts\/495346\/revisions\/495347"}],"wp:attachment":[{"href":"https:\/\/nugnes.com\/index.php?rest_route=%2Fwp%2Fv2%2Fmedia&parent=495346"}],"wp:term":[{"taxonomy":"category","embeddable":true,"href":"https:\/\/nugnes.com\/index.php?rest_route=%2Fwp%2Fv2%2Fcategories&post=495346"},{"taxonomy":"post_tag","embeddable":true,"href":"https:\/\/nugnes.com\/index.php?rest_route=%2Fwp%2Fv2%2Ftags&post=495346"}],"curies":[{"name":"wp","href":"https:\/\/api.w.org\/{rel}","templated":true}]}}