{"id":498664,"date":"2023-07-10T18:53:47","date_gmt":"2023-07-10T18:53:47","guid":{"rendered":"https:\/\/www.fanpage.it\/milano\/?p=217999"},"modified":"2023-07-10T18:53:47","modified_gmt":"2023-07-10T18:53:47","slug":"minore-rifiuta-di-dare-le-generalita-spintoni-tra-i-carabinieri-e-gli-amici-per-impedirne-larresto","status":"publish","type":"post","link":"https:\/\/nugnes.com\/?p=498664","title":{"rendered":"Minore rifiuta di dare le generalit\u00e0, spintoni tra i carabinieri e gli amici per impedirne l&#8217;arresto"},"content":{"rendered":"<img src=\"https:\/\/staticfanpage.akamaized.net\/wp-content\/uploads\/sites\/29\/2023\/07\/carabinieri-novate-milanese-638x425.jpg\" \/><br \/>Nel pomeriggio dell'8 luglio i carabinieri sono intervenuti a Novate Milanese dopo una segnalazione da parte di un residente per alcuni schiamazzi da parte di un gruppo di ragazzi. I militari hanno chiesto le generalit\u00e0 a tutti, ma una minore si \u00e8 rifiutata: ne \u00e8 scaturito uno scontro, tra spintoni e insulti, tra i carabinieri e gli amici della minore.<br \/><a href=\"https:\/\/www.fanpage.it\/milano\/minore-rifiuta-di-dare-le-generalita-spintoni-tra-i-carabinieri-e-gli-amici-per-impedirne-larresto\/\">Continua a leggere<\/a>","protected":false},"excerpt":{"rendered":"<p>Nel pomeriggio dell&#8217;8 luglio i carabinieri sono intervenuti a Novate Milanese dopo una segnalazione da parte di un residente per alcuni schiamazzi da parte di un gruppo di ragazzi. I militari hanno chiesto le generalit\u00e0 a tutti, ma una minore si \u00e8 rifi&#8230;<\/p>\n","protected":false},"author":208,"featured_media":0,"comment_status":"closed","ping_status":"closed","sticky":false,"template":"","format":"standard","meta":{"om_disable_all_campaigns":false,"_monsterinsights_skip_tracking":false,"_monsterinsights_sitenote_active":false,"_monsterinsights_sitenote_note":"","_monsterinsights_sitenote_category":0,"footnotes":""},"categories":[745,10,236],"tags":[],"class_list":["post-498664","post","type-post","status-publish","format-standard","hentry","category-attualita","category-cronaca","category-lombardia"],"aioseo_notices":[],"_links":{"self":[{"href":"https:\/\/nugnes.com\/index.php?rest_route=\/wp\/v2\/posts\/498664","targetHints":{"allow":["GET"]}}],"collection":[{"href":"https:\/\/nugnes.com\/index.php?rest_route=\/wp\/v2\/posts"}],"about":[{"href":"https:\/\/nugnes.com\/index.php?rest_route=\/wp\/v2\/types\/post"}],"author":[{"embeddable":true,"href":"https:\/\/nugnes.com\/index.php?rest_route=\/wp\/v2\/users\/208"}],"replies":[{"embeddable":true,"href":"https:\/\/nugnes.com\/index.php?rest_route=%2Fwp%2Fv2%2Fcomments&post=498664"}],"version-history":[{"count":1,"href":"https:\/\/nugnes.com\/index.php?rest_route=\/wp\/v2\/posts\/498664\/revisions"}],"predecessor-version":[{"id":498665,"href":"https:\/\/nugnes.com\/index.php?rest_route=\/wp\/v2\/posts\/498664\/revisions\/498665"}],"wp:attachment":[{"href":"https:\/\/nugnes.com\/index.php?rest_route=%2Fwp%2Fv2%2Fmedia&parent=498664"}],"wp:term":[{"taxonomy":"category","embeddable":true,"href":"https:\/\/nugnes.com\/index.php?rest_route=%2Fwp%2Fv2%2Fcategories&post=498664"},{"taxonomy":"post_tag","embeddable":true,"href":"https:\/\/nugnes.com\/index.php?rest_route=%2Fwp%2Fv2%2Ftags&post=498664"}],"curies":[{"name":"wp","href":"https:\/\/api.w.org\/{rel}","templated":true}]}}