{"id":498683,"date":"2023-07-10T22:15:54","date_gmt":"2023-07-10T22:15:54","guid":{"rendered":"https:\/\/www.fanpage.it\/spettacolo\/?p=171425"},"modified":"2023-07-10T22:15:54","modified_gmt":"2023-07-10T22:15:54","slug":"daniele-apprezza-labito-di-benedetta-vittoria-a-me-dice-che-non-ho-piu-leta-per-le-gonne-corte","status":"publish","type":"post","link":"https:\/\/nugnes.com\/?p=498683","title":{"rendered":"Daniele apprezza l&#8217;abito di Benedetta, Vittoria: &#8220;A me dice che non ho pi\u00f9 l&#8217;et\u00e0 per le gonne corte&#8221;"},"content":{"rendered":"<img src=\"https:\/\/staticfanpage.akamaized.net\/wp-content\/uploads\/sites\/25\/2023\/07\/daniele-vittoria-300x225.jpeg\" \/><br \/>\"\u00c8 lui che mi ha voluto portare qui a tutti i costi, io non volevo venire, ma adesso lo ringrazio perch\u00e9 ho scoperto che c'\u00e8 una vita fuori\u201d, spiega Vittoria, che assiste alla serata a lume di candela di Daniele con la single Benedetta. \u201cCon la mia fidanzata non faccio cose del genere\u201d.<br \/><a href=\"https:\/\/www.fanpage.it\/spettacolo\/programmi-tv\/daniele-apprezza-labito-di-benedetta-vittoria-a-me-dice-che-non-ho-piu-leta-per-le-gonne-corte\/\">Continua a leggere<\/a>","protected":false},"excerpt":{"rendered":"<p>&#8220;\u00c8 lui che mi ha voluto portare qui a tutti i costi, io non volevo venire, ma adesso lo ringrazio perch\u00e9 ho scoperto che c&#8217;\u00e8 una vita fuori\u201d, spiega Vittoria, che assiste alla serata a lume di candela di Daniele con la single Benedetta. \u201cCon la mia fid&#8230;<\/p>\n","protected":false},"author":192,"featured_media":0,"comment_status":"closed","ping_status":"closed","sticky":false,"template":"","format":"standard","meta":{"om_disable_all_campaigns":false,"_monsterinsights_skip_tracking":false,"_monsterinsights_sitenote_active":false,"_monsterinsights_sitenote_note":"","_monsterinsights_sitenote_category":0,"footnotes":""},"categories":[752],"tags":[],"class_list":["post-498683","post","type-post","status-publish","format-standard","hentry","category-programmi-tv"],"aioseo_notices":[],"_links":{"self":[{"href":"https:\/\/nugnes.com\/index.php?rest_route=\/wp\/v2\/posts\/498683","targetHints":{"allow":["GET"]}}],"collection":[{"href":"https:\/\/nugnes.com\/index.php?rest_route=\/wp\/v2\/posts"}],"about":[{"href":"https:\/\/nugnes.com\/index.php?rest_route=\/wp\/v2\/types\/post"}],"author":[{"embeddable":true,"href":"https:\/\/nugnes.com\/index.php?rest_route=\/wp\/v2\/users\/192"}],"replies":[{"embeddable":true,"href":"https:\/\/nugnes.com\/index.php?rest_route=%2Fwp%2Fv2%2Fcomments&post=498683"}],"version-history":[{"count":1,"href":"https:\/\/nugnes.com\/index.php?rest_route=\/wp\/v2\/posts\/498683\/revisions"}],"predecessor-version":[{"id":498684,"href":"https:\/\/nugnes.com\/index.php?rest_route=\/wp\/v2\/posts\/498683\/revisions\/498684"}],"wp:attachment":[{"href":"https:\/\/nugnes.com\/index.php?rest_route=%2Fwp%2Fv2%2Fmedia&parent=498683"}],"wp:term":[{"taxonomy":"category","embeddable":true,"href":"https:\/\/nugnes.com\/index.php?rest_route=%2Fwp%2Fv2%2Fcategories&post=498683"},{"taxonomy":"post_tag","embeddable":true,"href":"https:\/\/nugnes.com\/index.php?rest_route=%2Fwp%2Fv2%2Ftags&post=498683"}],"curies":[{"name":"wp","href":"https:\/\/api.w.org\/{rel}","templated":true}]}}