{"id":498762,"date":"2023-07-11T06:18:39","date_gmt":"2023-07-11T06:18:39","guid":{"rendered":"https:\/\/www.fanpage.it\/?p=1892243"},"modified":"2023-07-11T06:18:39","modified_gmt":"2023-07-11T06:18:39","slug":"caso-di-colera-in-sardegna-le-ipotesi-sul-contagio-e-le-condizioni-di-salute-del-71enne-in-cura","status":"publish","type":"post","link":"https:\/\/nugnes.com\/?p=498762","title":{"rendered":"Caso di colera in Sardegna, le ipotesi sul contagio e le condizioni di salute del 71enne in cura"},"content":{"rendered":"<img src=\"https:\/\/staticfanpage.akamaized.net\/wp-content\/uploads\/2021\/08\/ospedale-1-300x225.jpeg\" \/><br \/>Sta meglio il pensionato ricoverato a Cagliari nel reparto di Malattie infettive dell'ospedale Santissima Trinit\u00e0 dove \u00e8 stato trovato positivo al vibrione del Colera. Quello scoperto appare un caso isolato, anche se non \u00e8 ancora chiaro come il paziente abbia contratto il batterio.<br \/><a href=\"https:\/\/www.fanpage.it\/attualita\/caso-di-colera-in-sardegna-le-ipotesi-sul-contagio-e-le-condizioni-di-salute-del-71enne-in-cura\/\">Continua a leggere<\/a>","protected":false},"excerpt":{"rendered":"<p>Sta meglio il pensionato ricoverato a Cagliari nel reparto di Malattie infettive dell&#8217;ospedale Santissima Trinit\u00e0 dove \u00e8 stato trovato positivo al vibrione del Colera. Quello scoperto appare un caso isolato, anche se non \u00e8 ancora chiaro come il pazient&#8230;<\/p>\n","protected":false},"author":87,"featured_media":0,"comment_status":"closed","ping_status":"closed","sticky":false,"template":"","format":"standard","meta":{"om_disable_all_campaigns":false,"_monsterinsights_skip_tracking":false,"_monsterinsights_sitenote_active":false,"_monsterinsights_sitenote_note":"","_monsterinsights_sitenote_category":0,"footnotes":""},"categories":[745],"tags":[],"class_list":["post-498762","post","type-post","status-publish","format-standard","hentry","category-attualita"],"aioseo_notices":[],"_links":{"self":[{"href":"https:\/\/nugnes.com\/index.php?rest_route=\/wp\/v2\/posts\/498762","targetHints":{"allow":["GET"]}}],"collection":[{"href":"https:\/\/nugnes.com\/index.php?rest_route=\/wp\/v2\/posts"}],"about":[{"href":"https:\/\/nugnes.com\/index.php?rest_route=\/wp\/v2\/types\/post"}],"author":[{"embeddable":true,"href":"https:\/\/nugnes.com\/index.php?rest_route=\/wp\/v2\/users\/87"}],"replies":[{"embeddable":true,"href":"https:\/\/nugnes.com\/index.php?rest_route=%2Fwp%2Fv2%2Fcomments&post=498762"}],"version-history":[{"count":1,"href":"https:\/\/nugnes.com\/index.php?rest_route=\/wp\/v2\/posts\/498762\/revisions"}],"predecessor-version":[{"id":498763,"href":"https:\/\/nugnes.com\/index.php?rest_route=\/wp\/v2\/posts\/498762\/revisions\/498763"}],"wp:attachment":[{"href":"https:\/\/nugnes.com\/index.php?rest_route=%2Fwp%2Fv2%2Fmedia&parent=498762"}],"wp:term":[{"taxonomy":"category","embeddable":true,"href":"https:\/\/nugnes.com\/index.php?rest_route=%2Fwp%2Fv2%2Fcategories&post=498762"},{"taxonomy":"post_tag","embeddable":true,"href":"https:\/\/nugnes.com\/index.php?rest_route=%2Fwp%2Fv2%2Ftags&post=498762"}],"curies":[{"name":"wp","href":"https:\/\/api.w.org\/{rel}","templated":true}]}}