{"id":500053,"date":"2023-07-13T16:14:49","date_gmt":"2023-07-13T16:14:49","guid":{"rendered":"https:\/\/www.fanpage.it\/milano\/?p=218508"},"modified":"2023-07-13T16:14:49","modified_gmt":"2023-07-13T16:14:49","slug":"anche-un-cremonese-sullaereo-che-si-e-schiantato-a-mogadiscio","status":"publish","type":"post","link":"https:\/\/nugnes.com\/?p=500053","title":{"rendered":"Anche un cremonese sull&#8217;aereo che si \u00e8 schiantato a Mogadiscio"},"content":{"rendered":"<img src=\"https:\/\/staticfanpage.akamaized.net\/wp-content\/uploads\/sites\/29\/2023\/07\/mogadiscio-aereo-incidente-638x425.jpg\" \/><br \/>Alessandro Gerevini, residente a Cremona, era a bordo dell'aereo che si \u00e8 spezzato in due durante un atterraggio di emergenza a Mogadiscio lo scorso marted\u00ec 11 luglio. Nessuno dei 34 passeggeri ha riportato gravi conseguenze, lui ne \u00e8 uscito illeso.<br \/><a href=\"https:\/\/www.fanpage.it\/milano\/anche-un-cremonese-sullaereo-che-si-e-schiantato-a-mogadiscio\/\">Continua a leggere<\/a>","protected":false},"excerpt":{"rendered":"<p>Alessandro Gerevini, residente a Cremona, era a bordo dell&#8217;aereo che si \u00e8 spezzato in due durante un atterraggio di emergenza a Mogadiscio lo scorso marted\u00ec 11 luglio. Nessuno dei 34 passeggeri ha riportato gravi conseguenze, lui ne \u00e8 uscito illeso.Con&#8230;<\/p>\n","protected":false},"author":295,"featured_media":0,"comment_status":"closed","ping_status":"closed","sticky":false,"template":"","format":"standard","meta":{"om_disable_all_campaigns":false,"_monsterinsights_skip_tracking":false,"_monsterinsights_sitenote_active":false,"_monsterinsights_sitenote_note":"","_monsterinsights_sitenote_category":0,"footnotes":""},"categories":[745,757,10],"tags":[],"class_list":["post-500053","post","type-post","status-publish","format-standard","hentry","category-attualita","category-cremona","category-cronaca"],"aioseo_notices":[],"_links":{"self":[{"href":"https:\/\/nugnes.com\/index.php?rest_route=\/wp\/v2\/posts\/500053","targetHints":{"allow":["GET"]}}],"collection":[{"href":"https:\/\/nugnes.com\/index.php?rest_route=\/wp\/v2\/posts"}],"about":[{"href":"https:\/\/nugnes.com\/index.php?rest_route=\/wp\/v2\/types\/post"}],"author":[{"embeddable":true,"href":"https:\/\/nugnes.com\/index.php?rest_route=\/wp\/v2\/users\/295"}],"replies":[{"embeddable":true,"href":"https:\/\/nugnes.com\/index.php?rest_route=%2Fwp%2Fv2%2Fcomments&post=500053"}],"version-history":[{"count":1,"href":"https:\/\/nugnes.com\/index.php?rest_route=\/wp\/v2\/posts\/500053\/revisions"}],"predecessor-version":[{"id":500054,"href":"https:\/\/nugnes.com\/index.php?rest_route=\/wp\/v2\/posts\/500053\/revisions\/500054"}],"wp:attachment":[{"href":"https:\/\/nugnes.com\/index.php?rest_route=%2Fwp%2Fv2%2Fmedia&parent=500053"}],"wp:term":[{"taxonomy":"category","embeddable":true,"href":"https:\/\/nugnes.com\/index.php?rest_route=%2Fwp%2Fv2%2Fcategories&post=500053"},{"taxonomy":"post_tag","embeddable":true,"href":"https:\/\/nugnes.com\/index.php?rest_route=%2Fwp%2Fv2%2Ftags&post=500053"}],"curies":[{"name":"wp","href":"https:\/\/api.w.org\/{rel}","templated":true}]}}