{"id":501986,"date":"2023-07-18T13:21:05","date_gmt":"2023-07-18T13:21:05","guid":{"rendered":"https:\/\/www.fanpage.it\/napoli\/?p=286250"},"modified":"2023-07-18T13:21:05","modified_gmt":"2023-07-18T13:21:05","slug":"melito-17enne-accoltellato-da-coetanei-il-patrigno-lui-in-ospedale-e-i-suoi-aggressori-liberi","status":"publish","type":"post","link":"https:\/\/nugnes.com\/?p=501986","title":{"rendered":"Melito, 17enne accoltellato da coetanei. Il patrigno: &#8220;Lui in ospedale e i suoi aggressori liberi&#8221;"},"content":{"rendered":"<img src=\"https:\/\/staticfanpage.akamaized.net\/wp-content\/uploads\/sites\/30\/2023\/07\/melito-accoltellato-blur-300x225.jpg\" \/><br \/>Il patrigno del minore si \u00e8 rivolto al deputato Borrelli per denunciare la vicenda. Il giovane \u00e8 stato accoltellato lo scorso 12 luglio da due coetanei, che sono stati messi gi\u00e0 in libert\u00e0.<br \/><a href=\"https:\/\/www.fanpage.it\/napoli\/melito-17enne-accoltellato-da-coetanei-il-patrigno-lui-in-ospedale-e-i-suoi-aggressori-liberi\/\">Continua a leggere<\/a>","protected":false},"excerpt":{"rendered":"<p>Il patrigno del minore si \u00e8 rivolto al deputato Borrelli per denunciare la vicenda. Il giovane \u00e8 stato accoltellato lo scorso 12 luglio da due coetanei, che sono stati messi gi\u00e0 in libert\u00e0.Continua a leggere<\/p>\n","protected":false},"author":122,"featured_media":0,"comment_status":"closed","ping_status":"closed","sticky":false,"template":"","format":"standard","meta":{"om_disable_all_campaigns":false,"_monsterinsights_skip_tracking":false,"_monsterinsights_sitenote_active":false,"_monsterinsights_sitenote_note":"","_monsterinsights_sitenote_category":0,"footnotes":""},"categories":[10],"tags":[],"class_list":["post-501986","post","type-post","status-publish","format-standard","hentry","category-cronaca"],"aioseo_notices":[],"_links":{"self":[{"href":"https:\/\/nugnes.com\/index.php?rest_route=\/wp\/v2\/posts\/501986","targetHints":{"allow":["GET"]}}],"collection":[{"href":"https:\/\/nugnes.com\/index.php?rest_route=\/wp\/v2\/posts"}],"about":[{"href":"https:\/\/nugnes.com\/index.php?rest_route=\/wp\/v2\/types\/post"}],"author":[{"embeddable":true,"href":"https:\/\/nugnes.com\/index.php?rest_route=\/wp\/v2\/users\/122"}],"replies":[{"embeddable":true,"href":"https:\/\/nugnes.com\/index.php?rest_route=%2Fwp%2Fv2%2Fcomments&post=501986"}],"version-history":[{"count":1,"href":"https:\/\/nugnes.com\/index.php?rest_route=\/wp\/v2\/posts\/501986\/revisions"}],"predecessor-version":[{"id":501987,"href":"https:\/\/nugnes.com\/index.php?rest_route=\/wp\/v2\/posts\/501986\/revisions\/501987"}],"wp:attachment":[{"href":"https:\/\/nugnes.com\/index.php?rest_route=%2Fwp%2Fv2%2Fmedia&parent=501986"}],"wp:term":[{"taxonomy":"category","embeddable":true,"href":"https:\/\/nugnes.com\/index.php?rest_route=%2Fwp%2Fv2%2Fcategories&post=501986"},{"taxonomy":"post_tag","embeddable":true,"href":"https:\/\/nugnes.com\/index.php?rest_route=%2Fwp%2Fv2%2Ftags&post=501986"}],"curies":[{"name":"wp","href":"https:\/\/api.w.org\/{rel}","templated":true}]}}