{"id":503593,"date":"2023-07-21T15:16:15","date_gmt":"2023-07-21T15:16:15","guid":{"rendered":"https:\/\/www.fanpage.it\/milano\/?p=219904"},"modified":"2023-07-21T15:16:15","modified_gmt":"2023-07-21T15:16:15","slug":"previsioni-meteo-a-milano-e-lombardia-oggi-21-luglio-2023-in-quali-zone-ci-sara-allerta-arancione","status":"publish","type":"post","link":"https:\/\/nugnes.com\/?p=503593","title":{"rendered":"Previsioni meteo a Milano e Lombardia oggi 21 luglio 2023: in quali zone ci sar\u00e0 allerta arancione"},"content":{"rendered":"<img src=\"https:\/\/staticfanpage.akamaized.net\/wp-content\/uploads\/sites\/29\/2020\/07\/ALLERTA-METEO-2020-3-ARTICOLO-300x225.jpg\" \/><br \/>Prosegue per la giornata di oggi, venerd\u00ec 21 luglio, l'allerta arancione per la citt\u00e0 di Milano. Potrebbero esserci ancora temporali e instabilit\u00e0. Domani le condizioni miglioreranno a Milano, ma proseguiranno i temporali in altre zone della Lombardia.<br \/><a href=\"https:\/\/www.fanpage.it\/milano\/previsioni-meteo-a-milano-e-lombardia-oggi-21-luglio-2023-in-quali-zone-ci-sara-allerta-arancione\/\">Continua a leggere<\/a>","protected":false},"excerpt":{"rendered":"<p>Prosegue per la giornata di oggi, venerd\u00ec 21 luglio, l&#8217;allerta arancione per la citt\u00e0 di Milano. Potrebbero esserci ancora temporali e instabilit\u00e0. Domani le condizioni miglioreranno a Milano, ma proseguiranno i temporali in altre zone della Lombardia&#8230;.<\/p>\n","protected":false},"author":208,"featured_media":0,"comment_status":"closed","ping_status":"closed","sticky":false,"template":"","format":"standard","meta":{"om_disable_all_campaigns":false,"_monsterinsights_skip_tracking":false,"_monsterinsights_sitenote_active":false,"_monsterinsights_sitenote_note":"","_monsterinsights_sitenote_category":0,"footnotes":""},"categories":[745,236,1490],"tags":[],"class_list":["post-503593","post","type-post","status-publish","format-standard","hentry","category-attualita","category-lombardia","category-meteo-milano"],"aioseo_notices":[],"_links":{"self":[{"href":"https:\/\/nugnes.com\/index.php?rest_route=\/wp\/v2\/posts\/503593","targetHints":{"allow":["GET"]}}],"collection":[{"href":"https:\/\/nugnes.com\/index.php?rest_route=\/wp\/v2\/posts"}],"about":[{"href":"https:\/\/nugnes.com\/index.php?rest_route=\/wp\/v2\/types\/post"}],"author":[{"embeddable":true,"href":"https:\/\/nugnes.com\/index.php?rest_route=\/wp\/v2\/users\/208"}],"replies":[{"embeddable":true,"href":"https:\/\/nugnes.com\/index.php?rest_route=%2Fwp%2Fv2%2Fcomments&post=503593"}],"version-history":[{"count":1,"href":"https:\/\/nugnes.com\/index.php?rest_route=\/wp\/v2\/posts\/503593\/revisions"}],"predecessor-version":[{"id":503594,"href":"https:\/\/nugnes.com\/index.php?rest_route=\/wp\/v2\/posts\/503593\/revisions\/503594"}],"wp:attachment":[{"href":"https:\/\/nugnes.com\/index.php?rest_route=%2Fwp%2Fv2%2Fmedia&parent=503593"}],"wp:term":[{"taxonomy":"category","embeddable":true,"href":"https:\/\/nugnes.com\/index.php?rest_route=%2Fwp%2Fv2%2Fcategories&post=503593"},{"taxonomy":"post_tag","embeddable":true,"href":"https:\/\/nugnes.com\/index.php?rest_route=%2Fwp%2Fv2%2Ftags&post=503593"}],"curies":[{"name":"wp","href":"https:\/\/api.w.org\/{rel}","templated":true}]}}