{"id":50437,"date":"2020-07-20T14:18:25","date_gmt":"2020-07-20T14:18:25","guid":{"rendered":"https:\/\/www.fanpage.it\/sport\/?p=1256674"},"modified":"2020-07-20T14:18:25","modified_gmt":"2020-07-20T14:18:25","slug":"marc-marquez-il-dottor-mir-prima-delloperazione-quando-torna-in-motogp-lobiettivo-e-brno","status":"publish","type":"post","link":"https:\/\/nugnes.com\/?p=50437","title":{"rendered":"Marc Marquez, il dottor Mir prima dell\u2019operazione: \u201cQuando torna in MotoGP? L\u2019obiettivo \u00e8 Brno\u201d"},"content":{"rendered":"<img src=\"https:\/\/static.fanpage.it\/wp-content\/uploads\/sites\/27\/2020\/07\/marquez-incidente-condizioni-638x425.jpg\" \/><br \/>Il dottor Xavier Mir che marted\u00ec operer\u00e0 Marc Marquez per l'infortunio al braccio rimediato nella caduta di Jerez nella prima gara stagionale della MotoGP ha parlato dei tempi di recupero del pilota spagnolo: \"Se non c'\u00e8 paresi del nervo radiale, in pista gi\u00e0 a Brno il 7 agosto. In caso contrario ci vorranno tre o quattro settimane di stop in pi\u00f9\".<br \/><a href=\"https:\/\/www.fanpage.it\/sport\/motori\/marc-marquez-il-dottor-mir-prima-delloperazione-quando-torna-in-motogp-lobiettivo-e-brno\/\">Continua a leggere<\/a>","protected":false},"excerpt":{"rendered":"<p>Il dottor Xavier Mir che marted\u00ec operer\u00e0 Marc Marquez per l&#8217;infortunio al braccio rimediato nella caduta di Jerez nella prima gara stagionale della MotoGP ha parlato dei tempi di recupero del pilota spagnolo: &#8220;Se non c&#8217;\u00e8 paresi del nervo radiale, in pi&#8230;<\/p>\n","protected":false},"author":178,"featured_media":0,"comment_status":"closed","ping_status":"closed","sticky":false,"template":"","format":"standard","meta":{"om_disable_all_campaigns":false,"_monsterinsights_skip_tracking":false,"_monsterinsights_sitenote_active":false,"_monsterinsights_sitenote_note":"","_monsterinsights_sitenote_category":0,"footnotes":""},"categories":[260,318,743],"tags":[],"class_list":["post-50437","post","type-post","status-publish","format-standard","hentry","category-motogp","category-motori","category-notizie"],"aioseo_notices":[],"_links":{"self":[{"href":"https:\/\/nugnes.com\/index.php?rest_route=\/wp\/v2\/posts\/50437","targetHints":{"allow":["GET"]}}],"collection":[{"href":"https:\/\/nugnes.com\/index.php?rest_route=\/wp\/v2\/posts"}],"about":[{"href":"https:\/\/nugnes.com\/index.php?rest_route=\/wp\/v2\/types\/post"}],"author":[{"embeddable":true,"href":"https:\/\/nugnes.com\/index.php?rest_route=\/wp\/v2\/users\/178"}],"replies":[{"embeddable":true,"href":"https:\/\/nugnes.com\/index.php?rest_route=%2Fwp%2Fv2%2Fcomments&post=50437"}],"version-history":[{"count":2,"href":"https:\/\/nugnes.com\/index.php?rest_route=\/wp\/v2\/posts\/50437\/revisions"}],"predecessor-version":[{"id":50556,"href":"https:\/\/nugnes.com\/index.php?rest_route=\/wp\/v2\/posts\/50437\/revisions\/50556"}],"wp:attachment":[{"href":"https:\/\/nugnes.com\/index.php?rest_route=%2Fwp%2Fv2%2Fmedia&parent=50437"}],"wp:term":[{"taxonomy":"category","embeddable":true,"href":"https:\/\/nugnes.com\/index.php?rest_route=%2Fwp%2Fv2%2Fcategories&post=50437"},{"taxonomy":"post_tag","embeddable":true,"href":"https:\/\/nugnes.com\/index.php?rest_route=%2Fwp%2Fv2%2Ftags&post=50437"}],"curies":[{"name":"wp","href":"https:\/\/api.w.org\/{rel}","templated":true}]}}