{"id":507109,"date":"2023-07-31T10:42:58","date_gmt":"2023-07-31T10:42:58","guid":{"rendered":"https:\/\/www.fanpage.it\/spettacolo\/?p=177075"},"modified":"2023-07-31T10:42:58","modified_gmt":"2023-07-31T10:42:58","slug":"con-andrea-delogu-la-musica-e-tornata-protagonista-ode-alla-conduttrice-dellestate","status":"publish","type":"post","link":"https:\/\/nugnes.com\/?p=507109","title":{"rendered":"Con Andrea Delogu, la musica \u00e8 tornata protagonista: ode alla conduttrice dell&#8217;estate"},"content":{"rendered":"<img src=\"https:\/\/staticfanpage.akamaized.net\/wp-content\/uploads\/sites\/25\/2023\/07\/nek-e-andrea-delogu-sul-palco-del-tim-summer-hits-a-rimini-300x225.jpeg\" \/><br \/>Andrea Delogu \u00e8 la regina dell'estate e i suoi meriti vanno ben oltre il Tim Summer Hits. Cresciuta dagli anni Novanta, riesce a ritrasmetterne tutto l'entusiasmo grazie alla contagiosa spontaneit\u00e0 di cui \u00e8 sana portatrice. Se la musica in tv \u00e8 tornata a funzionare, lo dobbiamo anche, se non soprattutto, a lei.<br \/><a href=\"https:\/\/www.fanpage.it\/spettacolo\/personaggi\/con-andrea-delogu-la-musica-e-tornata-protagonista-ode-alla-conduttrice-dellestate\/\">Continua a leggere<\/a>","protected":false},"excerpt":{"rendered":"<p>Andrea Delogu \u00e8 la regina dell&#8217;estate e i suoi meriti vanno ben oltre il Tim Summer Hits. Cresciuta dagli anni Novanta, riesce a ritrasmetterne tutto l&#8217;entusiasmo grazie alla contagiosa spontaneit\u00e0 di cui \u00e8 sana portatrice. Se la musica in tv \u00e8 tornata&#8230;<\/p>\n","protected":false},"author":315,"featured_media":0,"comment_status":"closed","ping_status":"closed","sticky":false,"template":"","format":"standard","meta":{"om_disable_all_campaigns":false,"_monsterinsights_skip_tracking":false,"_monsterinsights_sitenote_active":false,"_monsterinsights_sitenote_note":"","_monsterinsights_sitenote_category":0,"footnotes":""},"categories":[1407],"tags":[],"class_list":["post-507109","post","type-post","status-publish","format-standard","hentry","category-personaggi"],"aioseo_notices":[],"_links":{"self":[{"href":"https:\/\/nugnes.com\/index.php?rest_route=\/wp\/v2\/posts\/507109","targetHints":{"allow":["GET"]}}],"collection":[{"href":"https:\/\/nugnes.com\/index.php?rest_route=\/wp\/v2\/posts"}],"about":[{"href":"https:\/\/nugnes.com\/index.php?rest_route=\/wp\/v2\/types\/post"}],"author":[{"embeddable":true,"href":"https:\/\/nugnes.com\/index.php?rest_route=\/wp\/v2\/users\/315"}],"replies":[{"embeddable":true,"href":"https:\/\/nugnes.com\/index.php?rest_route=%2Fwp%2Fv2%2Fcomments&post=507109"}],"version-history":[{"count":1,"href":"https:\/\/nugnes.com\/index.php?rest_route=\/wp\/v2\/posts\/507109\/revisions"}],"predecessor-version":[{"id":507110,"href":"https:\/\/nugnes.com\/index.php?rest_route=\/wp\/v2\/posts\/507109\/revisions\/507110"}],"wp:attachment":[{"href":"https:\/\/nugnes.com\/index.php?rest_route=%2Fwp%2Fv2%2Fmedia&parent=507109"}],"wp:term":[{"taxonomy":"category","embeddable":true,"href":"https:\/\/nugnes.com\/index.php?rest_route=%2Fwp%2Fv2%2Fcategories&post=507109"},{"taxonomy":"post_tag","embeddable":true,"href":"https:\/\/nugnes.com\/index.php?rest_route=%2Fwp%2Fv2%2Ftags&post=507109"}],"curies":[{"name":"wp","href":"https:\/\/api.w.org\/{rel}","templated":true}]}}